{"id":103369,"date":"2021-03-05T13:49:42","date_gmt":"2021-03-05T12:49:42","guid":{"rendered":"https:\/\/www.icaib.org\/?p=103369"},"modified":"2021-03-05T13:49:42","modified_gmt":"2021-03-05T12:49:42","slug":"licaib-se-suma-a-la-peticio-dun-pla-de-salvacio-economica-urgent-per-a-les-illes-balears","status":"publish","type":"post","link":"https:\/\/www.icaib.org\/ca\/licaib-se-suma-a-la-peticio-dun-pla-de-salvacio-economica-urgent-per-a-les-illes-balears\/","title":{"rendered":"L&#8217;ICAIB se suma a la petici\u00f3 d&#8217;un Pla de Salvaci\u00f3 Econ\u00f2mica urgent per a les Illes Balears"},"content":{"rendered":"<p>Deu organitzacions de la societat civil, entre elles l&#8217;ICAIB, han lliurat en data 5 de mar\u00e7 a la delegada del Govern a Balears, Aina Calvo, una carta adre\u00e7ada al president Pedro S\u00e1nchez per reclamar un Pla de Salvaci\u00f3 Econ\u00f2mica urgent per a les Illes Balears.  <\/p>\n<p>En el seu escrit, aquestes entitats parteixen del fet que, si b\u00e9 la pand\u00e8mia ha afectat greument la situaci\u00f3 econ\u00f2mica global, el seu &#8220;terrible&#8221; impacte sanitari i econ\u00f2mic no ha estat homogeni i \u00e9s especialment cruent a les Illes Balears.  <\/p>\n<p>En aquest sentit, es recorden en l&#8217;escrit determinats indicadors i previsions de car\u00e0cter socioecon\u00f2mic que evidencien de forma clara l&#8217;exist\u00e8ncia d&#8217;una situaci\u00f3 d&#8217;emerg\u00e8ncia social d&#8217;especial gravetat a la Comunitat com, entre d&#8217;altres, el fet que, en relaci\u00f3 a la resta de Espanya i d&#8217;Europa, Balears hagi experimentat el major creixement de la taxa d&#8217;atur i el descens m\u00e9s important de la renda per c\u00e0pita. Les previsions d&#8217;entitats com el Banc d&#8217;Espanya o la Fundaci\u00f3 d&#8217;Estudis d&#8217;Economia Aplicada -s\u2019afegeix a la carta- indiquen que mentre la caiguda del PIB en el conjunt d&#8217;Espanya arribar\u00e0 a un -12% -una de les majors caigudes de la Uni\u00f3 Europea-, a Balears ho far\u00e0 gaireb\u00e9 tres vegades m\u00e9s, fins a arribar a entre un -27% i un -31%.  <\/p>\n<p>Per tot aix\u00f2, les organitzacions signants de l&#8217;escrit dirigit a Pedro S\u00e1nchez (les patronals CAEB i PIMEM, al Cercle d&#8217;Economia de Mallorca i el de Menorca, la Cambra de Comer\u00e7 de Mallorca, el sindicat UGT, la Universitat de les Illes Balears i els col\u00b7legis professionals d&#8217;advocats, arquitectes i economistes) urgeixen al Govern a aprovar un Pla de Salvaci\u00f3 Econ\u00f2mica &#8220;que ofereixi sense demora solucions efectives, a curt i mitj\u00e0-llarg termini, a les necessitats del teixit social i econ\u00f2mic balear, que tant ha aportat durant d\u00e8cades a l&#8217;economia i al benestar d&#8217;Espanya &#8220;.  <\/p>\n<p>Un pla que, segons el parer de les organitzacions signants, s&#8217;ha de basar sobre tres pilars irrenunciables:  <\/p>\n<p>1.Aconseguir que Balears sigui un territori segur per a residents i visitants.<br \/>\nUn territori insular segur requereix, entre altres mesures, mantenir &#8220;un control rigor\u00f3s i \u00e0gil en ports i aeroports \u2013 motiu pel qual \u00e9s necessari disposar de proves i certificats de vacunaci\u00f3 que siguin reconeguts i utilitzats en tots els pa\u00efsos de la UE amb total conformitat- i una vacunaci\u00f3 massiva que arribi al 70 per cent de la poblaci\u00f3 el m\u00e9s aviat possible.  <\/p>\n<p>2.Articulaci\u00f3n de mecanismes de rescat espec\u00edfics per Illes Balears. La situaci\u00f3 econ\u00f2mica per a les illes -amb una caiguda del PIB sis vegades superior a la mitjana de la zona euro- requereix mesures d&#8217;emerg\u00e8ncia com, entre d&#8217;altres &#8211; apunten les organitzacions- oferir incentius directes a empreses i aut\u00f2noms; articular mecanismes de rescat que facin possible aplicar diferents mesures r\u00e0pides i efectives com ajudes directes, ajornament de venciments, gesti\u00f3 de deutes, etc .; i activar sense dilaci\u00f3 totes les mesures ja previstes en Reial decret llei 4\/2019, de 22 de febrer, del R\u00e8gim Especial de les Illes Balears.  <\/p>\n<p>3. Captaci\u00f3 d&#8217;ajuts per a la transformaci\u00f3 econ\u00f2mica post-COVID19 dels sectors productius insulars. Les entitats que signen l&#8217;escrit recorden que Espanya t\u00e9 l&#8217;opci\u00f3 d&#8217;accedir a 140.000 milions d&#8217;euros dels fons que la UE ha disposat per garantir el funcionament de l&#8217;economia postCovid-19 i, en aquest sentit, consideren que, &#8220;de la mateixa manera que el repartiment garanteix un suport financer m\u00e9s gran als pa\u00efsos amb major deteriorament econ\u00f2mic i social, les enormes difer\u00e8ncies en la caiguda econ\u00f2mic patit per les comunitats aut\u00f2nomes hauria de ser tamb\u00e9 el criteri fonamental per al repartiment dels Fons Europeus (&#8230;) &#8220;. <\/p>\n<a href='https:\/\/www.icaib.org\/wp-content\/uploads\/2021\/03\/Carta_abierta.pdf' target='_blank'>\n                <i class='fas fa-link'><\/i> \n                <strong>Carta<\/strong>\n            <\/a><br\/>\n","protected":false},"excerpt":{"rendered":"<p>Deu organitzacions de la societat civil, entre elles l&#8217;ICAIB, han  [&#8230;]<\/p>\n","protected":false},"author":1,"featured_media":103370,"comment_status":"closed","ping_status":"closed","sticky":false,"template":"","format":"standard","meta":{"footnotes":""},"categories":[33],"tags":[],"class_list":["post-103369","post","type-post","status-publish","format-standard","has-post-thumbnail","hentry","category-noticies-icaib"],"_links":{"self":[{"href":"https:\/\/www.icaib.org\/ca\/wp-json\/wp\/v2\/posts\/103369","targetHints":{"allow":["GET"]}}],"collection":[{"href":"https:\/\/www.icaib.org\/ca\/wp-json\/wp\/v2\/posts"}],"about":[{"href":"https:\/\/www.icaib.org\/ca\/wp-json\/wp\/v2\/types\/post"}],"author":[{"embeddable":true,"href":"https:\/\/www.icaib.org\/ca\/wp-json\/wp\/v2\/users\/1"}],"replies":[{"embeddable":true,"href":"https:\/\/www.icaib.org\/ca\/wp-json\/wp\/v2\/comments?post=103369"}],"version-history":[{"count":0,"href":"https:\/\/www.icaib.org\/ca\/wp-json\/wp\/v2\/posts\/103369\/revisions"}],"wp:featuredmedia":[{"embeddable":true,"href":"https:\/\/www.icaib.org\/ca\/wp-json\/wp\/v2\/media\/103370"}],"wp:attachment":[{"href":"https:\/\/www.icaib.org\/ca\/wp-json\/wp\/v2\/media?parent=103369"}],"wp:term":[{"taxonomy":"category","embeddable":true,"href":"https:\/\/www.icaib.org\/ca\/wp-json\/wp\/v2\/categories?post=103369"},{"taxonomy":"post_tag","embeddable":true,"href":"https:\/\/www.icaib.org\/ca\/wp-json\/wp\/v2\/tags?post=103369"}],"curies":[{"name":"wp","href":"https:\/\/api.w.org\/{rel}","templated":true}]}}