{"id":150467,"date":"2021-11-05T13:52:17","date_gmt":"2021-11-05T12:52:17","guid":{"rendered":"https:\/\/www.icaib.org\/?p=150467"},"modified":"2021-11-08T08:39:08","modified_gmt":"2021-11-08T07:39:08","slug":"el-govern-accepta-que-el-nadal-sigui-inhabil-amb-caracter-general-en-justicia-i-altres-propostes-de-conciliacio-formulades-per-ladvocacia","status":"publish","type":"post","link":"https:\/\/www.icaib.org\/ca\/el-govern-accepta-que-el-nadal-sigui-inhabil-amb-caracter-general-en-justicia-i-altres-propostes-de-conciliacio-formulades-per-ladvocacia\/","title":{"rendered":"El Govern accepta que el Nadal sigui inh\u00e0bil amb car\u00e0cter general en Just\u00edcia i altres propostes de conciliaci\u00f3 formulades per l&#8217;advocacia. Mesures que ser\u00e1n efectives en 2022"},"content":{"rendered":"<p>El Consell General de l&#8217;Advocacia Espanyola ha comunicat que, en el marc de la trobada mantinguda la primera setmana de novembre pel grup de treball sobre conciliaci\u00f3, creat a inst\u00e0ncies del CGAE i del qual formen part representants del Ministeri de Just\u00edcia i d&#8217;altres professions jur\u00eddiques, s&#8217;ha acordat incorporar al text de l&#8217;Avantprojecte de Llei d&#8217;efici\u00e8ncia processal diferents propostes de conciliaci\u00f3 formulades per l&#8217;advocacia, com, entre d&#8217;altres, que els dies de Nadal que transcorren entre el 24 de desembre i el 6 de gener siguin inh\u00e0bils a tots els efectes a la Just\u00edcia espanyola, la qual cosa seria efectiva ja el Nadal de l&#8217;any 2022.<\/p>\n<p>Aquest text es traslladar\u00e0 ara al Consell d&#8217;Estat, que emetr\u00e0 el corresponent informe en un termini m\u00e0xim de dos mesos, per la qual cosa l&#8217;avantprojecte de llei podria arribar al Congr\u00e9s el gener de 2022, per tramitar-lo definitivament a les Corts.<\/p>\n<p>Segons informen des d&#8217;Advocacia Espanyola, el text \u201crecull tamb\u00e9 que, per als casos de naixement i cura de menor, les persones professionals de l&#8217;advocacia intervinents que disposin de la baixa per maternitat o paternitat podran sol\u00b7licitar la suspensi\u00f3 del procediment \u2013i, per tant , de tots els actes i els terminis processals en curs- per al per\u00edode de descans laboral obligatori establert segons la legislaci\u00f3 laboral i de seguretat social\u201d. Aquesta suspensi\u00f3, afegeixen, afecta tots els procediments en qu\u00e8 intervingui.<\/p>\n<p>A m\u00e9s, expliquen, \u201cs&#8217;amplia al per\u00edode nadalenc la inhabilitat del mes d&#8217;agost, en modificar-se la Llei d&#8217;Enjudiciament Civil, a l&#8217;art. 130.2, que establiria que \u201cs\u00f3n dies inh\u00e0bils a efectes processals els dissabtes i diumenges, i els dies que hi ha entre el 24 de desembre i el 6 de gener de l&#8217;any seg\u00fcent, ambd\u00f3s inclosos, els dies de festa nacional i els festius a efectes laborals a la comunitat aut\u00f2noma o localitat respectiva\u00bb.<\/p>\n<p>Finalment, en els casos de malaltia greu i\/o defunci\u00f3 d&#8217;un familiar del professional de l&#8217;advocacia, s&#8217;hi incorpora tamb\u00e9 la suspensi\u00f3 de 3 a 5 dies (segons necessitats de despla\u00e7ament).<\/p>\n<p>M\u00e9s informaci\u00f3: <a href=\"https:\/\/www.abogacia.es\/actualidad\/noticias\/el-gobierno-acepta-que-la-navidad-sea-inhabil-a-todos-los-efectos-entre-el-24-de-diciembre-y-el-6-de-enero\/\" target=\"_blank\" rel=\"noopener\">https:\/\/www.abogacia.es\/actualidad\/noticias\/el-gobierno-acepta-que-la-navidad-sea-inhabil-a-todos-los-efectos-entre-el-24-de-diciembre-y-el-6-de-enero\/<\/a><\/p>\n","protected":false},"excerpt":{"rendered":"<p>El Consell General de l&#8217;Advocacia Espanyola ha comunicat que, en  [&#8230;]<\/p>\n","protected":false},"author":1,"featured_media":0,"comment_status":"closed","ping_status":"closed","sticky":false,"template":"","format":"standard","meta":{"footnotes":""},"categories":[33],"tags":[],"class_list":["post-150467","post","type-post","status-publish","format-standard","hentry","category-noticies-icaib"],"_links":{"self":[{"href":"https:\/\/www.icaib.org\/ca\/wp-json\/wp\/v2\/posts\/150467","targetHints":{"allow":["GET"]}}],"collection":[{"href":"https:\/\/www.icaib.org\/ca\/wp-json\/wp\/v2\/posts"}],"about":[{"href":"https:\/\/www.icaib.org\/ca\/wp-json\/wp\/v2\/types\/post"}],"author":[{"embeddable":true,"href":"https:\/\/www.icaib.org\/ca\/wp-json\/wp\/v2\/users\/1"}],"replies":[{"embeddable":true,"href":"https:\/\/www.icaib.org\/ca\/wp-json\/wp\/v2\/comments?post=150467"}],"version-history":[{"count":0,"href":"https:\/\/www.icaib.org\/ca\/wp-json\/wp\/v2\/posts\/150467\/revisions"}],"wp:attachment":[{"href":"https:\/\/www.icaib.org\/ca\/wp-json\/wp\/v2\/media?parent=150467"}],"wp:term":[{"taxonomy":"category","embeddable":true,"href":"https:\/\/www.icaib.org\/ca\/wp-json\/wp\/v2\/categories?post=150467"},{"taxonomy":"post_tag","embeddable":true,"href":"https:\/\/www.icaib.org\/ca\/wp-json\/wp\/v2\/tags?post=150467"}],"curies":[{"name":"wp","href":"https:\/\/api.w.org\/{rel}","templated":true}]}}