{"id":156258,"date":"2021-12-21T22:47:03","date_gmt":"2021-12-21T21:47:03","guid":{"rendered":"https:\/\/www.icaib.org\/?p=156258"},"modified":"2021-12-22T11:59:01","modified_gmt":"2021-12-22T10:59:01","slug":"resultats-de-les-eleccions-per-a-la-renovacio-parcial-de-la-junta-de-govern-de-licaib","status":"publish","type":"post","link":"https:\/\/www.icaib.org\/ca\/resultats-de-les-eleccions-per-a-la-renovacio-parcial-de-la-junta-de-govern-de-licaib\/","title":{"rendered":"Resultats de les eleccions per a la renovaci\u00f3 parcial de la Junta de Govern de l&#8217;ICAIB"},"content":{"rendered":"<p>Els candidats a deg\u00e0 i a diputat tercer de la Junta de Govern de l\u2019ICAIB, Mart\u00edn L. Ale\u00f1ar Feliu i Miguel Cerd\u00e1 Piedra, han estat proclamats guanyadors de les eleccions celebrades en data 21 de desembre de 2021, en obtenir, respectivament, 1.411 i 1.391 vots, davant dels 145 i 141 aconseguits pels altres candidats a deg\u00e0, Josep Maria Fiol Bernat, i a diputat tercer, Francisco Jos\u00e9 Palmer Arrom.<\/p>\n<p>Mart\u00edn Ale\u00f1ar i Miguel Cerd\u00e1 estaran acompanyats a la Junta per Mar\u00eda Jos\u00e9 Lagos Aguilar, Javier Fern\u00e1ndez Pineda, Pedro Monjo Cerd\u00e1, Eva Mar\u00eda Cardona Guasch, Patricia Campomar G\u00f3mez i Lydia Blanco Rodr\u00edguez, que el passat dia 1 varen ser proclamats directament electes, per ser els \u00fanics candidats que es varen presentar, respectivament, per als c\u00e0rrecs de bibliotecari comptador i diputats 5\u00e8, 6\u00e8, 7\u00e8, 8\u00e8 i 10\u00e8; aix\u00ed com per aquells altres professionals els c\u00e0rrecs dels quals no concorrien a les eleccions: el vicedeg\u00e0, Rafael Gil March; la tresorera, Irma Riera Marquina; la secret\u00e0ria, Neus Linares Llabr\u00e9s i els diputats 2n, 4t, 9\u00e8, Salvador Perera Morell, Carmen L\u00f3pez Gonz\u00e1lez i Miguel Albert\u00ed Amengual.<\/p>\n<p>En total, s\u2019han em\u00e8s m\u00e9s de 800 vots v\u00e0lids. La difer\u00e8ncia entre el nombre de sufragis v\u00e0lids i el nombre total de vots obtinguts per les dues candidatures s&#8217;explica en el fet que el sufragi em\u00e8s pels col\u00b7legiats exercents t\u00e9 el doble de valor del corresponent als col\u00b7legiats no exercents.<\/p>\n<p>La presa de possessi\u00f3 de la nova Junta se celebrar\u00e0 al primer trimestre de 2022.<\/p>\n<p>Resultats de l&#8217;escrutini:<\/p>\n<table width=\"100%\">\n<tbody>\n<tr>\n<td><\/td>\n<td colspan=\"2\"><strong>CANDIDATURA 1<\/strong><\/td>\n<td colspan=\"2\"><strong>CANDIDATURA 2<\/strong><\/td>\n<\/tr>\n<tr>\n<td><\/td>\n<td><strong>Candidat<\/strong><\/td>\n<td><strong>Vots totals (Ex.\/ No Ex.)<\/strong><\/td>\n<td><strong>Candidat<\/strong><\/td>\n<td><strong>Vots totals (Ex.\/ No Ex.)<\/strong><\/td>\n<\/tr>\n<tr>\n<td><strong>Deg\u00e0<\/strong><\/td>\n<td>Mart\u00edn Ale\u00f1ar Feliu<\/td>\n<td>1.411 (687\/37)<\/td>\n<td>Josep Maria Fiol Bernat<\/td>\n<td>145 (71\/3)<\/td>\n<\/tr>\n<tr>\n<td><strong>Diputat 3er<\/strong><\/td>\n<td>Miguel Cerd\u00e1 Piedra<\/td>\n<td>1.391 (677\/37)<\/td>\n<td>Francisco Jos\u00e9 Palmer Arrom<\/td>\n<td>141 (69\/3)<\/td>\n<\/tr>\n<\/tbody>\n<\/table>\n<p>&nbsp;<\/p>\n","protected":false},"excerpt":{"rendered":"<p>Els candidats a deg\u00e0 i a diputat tercer de la  [&#8230;]<\/p>\n","protected":false},"author":1,"featured_media":0,"comment_status":"closed","ping_status":"closed","sticky":false,"template":"","format":"standard","meta":{"footnotes":""},"categories":[33],"tags":[],"class_list":["post-156258","post","type-post","status-publish","format-standard","hentry","category-noticies-icaib"],"_links":{"self":[{"href":"https:\/\/www.icaib.org\/ca\/wp-json\/wp\/v2\/posts\/156258","targetHints":{"allow":["GET"]}}],"collection":[{"href":"https:\/\/www.icaib.org\/ca\/wp-json\/wp\/v2\/posts"}],"about":[{"href":"https:\/\/www.icaib.org\/ca\/wp-json\/wp\/v2\/types\/post"}],"author":[{"embeddable":true,"href":"https:\/\/www.icaib.org\/ca\/wp-json\/wp\/v2\/users\/1"}],"replies":[{"embeddable":true,"href":"https:\/\/www.icaib.org\/ca\/wp-json\/wp\/v2\/comments?post=156258"}],"version-history":[{"count":0,"href":"https:\/\/www.icaib.org\/ca\/wp-json\/wp\/v2\/posts\/156258\/revisions"}],"wp:attachment":[{"href":"https:\/\/www.icaib.org\/ca\/wp-json\/wp\/v2\/media?parent=156258"}],"wp:term":[{"taxonomy":"category","embeddable":true,"href":"https:\/\/www.icaib.org\/ca\/wp-json\/wp\/v2\/categories?post=156258"},{"taxonomy":"post_tag","embeddable":true,"href":"https:\/\/www.icaib.org\/ca\/wp-json\/wp\/v2\/tags?post=156258"}],"curies":[{"name":"wp","href":"https:\/\/api.w.org\/{rel}","templated":true}]}}