{"id":159543,"date":"2022-01-28T10:54:06","date_gmt":"2022-01-28T09:54:06","guid":{"rendered":"https:\/\/www.icaib.org\/?p=159543"},"modified":"2022-01-31T08:44:39","modified_gmt":"2022-01-31T07:44:39","slug":"la-llei-8-2021-a-analisi-al-numero-132-de-misser","status":"publish","type":"post","link":"https:\/\/www.icaib.org\/ca\/la-llei-8-2021-a-analisi-al-numero-132-de-misser\/","title":{"rendered":"La Llei 8\/2021, a an\u00e0lisi al n\u00famero 132 de Miss\u00e8r"},"content":{"rendered":"<p>La Llei 8\/2021 ha suposat una revoluci\u00f3 en el tracte legal a les persones amb discapacitat, ara m\u00e9s capaces que mai per decidir. De les llums i de les ombres de la norma, de les principals novetats, de les claus i de la possible aplicaci\u00f3 pr\u00e0ctica, ens en parlen diversos juristes al dossier central del n\u00famero 132 de Miss\u00e8r.<\/p>\n<p>A les p\u00e0gines de la revista tamb\u00e9 donam compte d\u2019altres assumptes, com ara les recents eleccions per triar el c\u00e0rrec de deg\u00e0 i de diputat tercer de la Junta de Govern de l\u2019ICAIB; les conclusions de les VII Jornades d\u2019Assist\u00e8ncia Jur\u00eddica Gratu\u00efta duites a terme a Elx; dels Caf\u00e8 Legal amb tres convidats de luxe: els magistrats Pascual Ortu\u00f1o i Clara Rodr\u00edguez, i la subinspectora de policia de la UFAM d\u2019Eivissa, Jimena L\u00f3pez; o els reptes que ha d\u2019afrontar la professi\u00f3 de l\u2019advocacia.<\/p>\n<p>La secci\u00f3 d\u2019opini\u00f3 ofereix les firmes dels advocats Jaime Florit, Bernat Garc\u00edas i Manuel Molina, i a \u00abLes P\u00e0gines de l\u2019Acad\u00e8mia\u00bb, l\u2019acad\u00e8mica Olga Cardona Guasch escriu un article titulat \u00abLa liquidaci\u00f3n de leg\u00edtima en la Compilaci\u00f3n balear o el juego de preguntas sin respuesta\u00bb.<\/p>\n<p>A m\u00e9s, a Miss\u00e8r s\u2019informa de les caracter\u00edstiques principals dels pressupostos col\u00b7legials per a aquest exercici i del comprom\u00eds del Ministeri de Just\u00edcia de fer factible el descans dels professionals de l\u2019advocacia durant les festes de Nadal.<\/p>\n<p>A la secci\u00f3 \u00abDrets humans\u00bb s\u2019hi tracta de la situaci\u00f3 a Nicaragua, de la tend\u00e8ncia creixent a criminalitzar les persones o organitzacions que se solidaritzen amb les persones migrants i les ajuden, i del lliurament dels Premis de Drets Humans d\u2019Advocacia Espanyola.<\/p>\n<a href='https:\/\/www.icaib.org\/wp-content\/uploads\/resources\/misser\/Misser132.pdf' target='_blank'>\n                <i class='fas fa-link'><\/i> \n                <strong>Miss\u00e8r 132<\/strong>\n            <\/a><br\/>\n","protected":false},"excerpt":{"rendered":"<p>La Llei 8\/2021 ha suposat una revoluci\u00f3 en el tracte  [&#8230;]<\/p>\n","protected":false},"author":1,"featured_media":159437,"comment_status":"closed","ping_status":"closed","sticky":false,"template":"","format":"standard","meta":{"footnotes":""},"categories":[33],"tags":[],"class_list":["post-159543","post","type-post","status-publish","format-standard","has-post-thumbnail","hentry","category-noticies-icaib"],"_links":{"self":[{"href":"https:\/\/www.icaib.org\/ca\/wp-json\/wp\/v2\/posts\/159543","targetHints":{"allow":["GET"]}}],"collection":[{"href":"https:\/\/www.icaib.org\/ca\/wp-json\/wp\/v2\/posts"}],"about":[{"href":"https:\/\/www.icaib.org\/ca\/wp-json\/wp\/v2\/types\/post"}],"author":[{"embeddable":true,"href":"https:\/\/www.icaib.org\/ca\/wp-json\/wp\/v2\/users\/1"}],"replies":[{"embeddable":true,"href":"https:\/\/www.icaib.org\/ca\/wp-json\/wp\/v2\/comments?post=159543"}],"version-history":[{"count":0,"href":"https:\/\/www.icaib.org\/ca\/wp-json\/wp\/v2\/posts\/159543\/revisions"}],"wp:featuredmedia":[{"embeddable":true,"href":"https:\/\/www.icaib.org\/ca\/wp-json\/wp\/v2\/media\/159437"}],"wp:attachment":[{"href":"https:\/\/www.icaib.org\/ca\/wp-json\/wp\/v2\/media?parent=159543"}],"wp:term":[{"taxonomy":"category","embeddable":true,"href":"https:\/\/www.icaib.org\/ca\/wp-json\/wp\/v2\/categories?post=159543"},{"taxonomy":"post_tag","embeddable":true,"href":"https:\/\/www.icaib.org\/ca\/wp-json\/wp\/v2\/tags?post=159543"}],"curies":[{"name":"wp","href":"https:\/\/api.w.org\/{rel}","templated":true}]}}