{"id":167475,"date":"2022-03-15T11:30:38","date_gmt":"2022-03-15T10:30:38","guid":{"rendered":"https:\/\/www.icaib.org\/?p=167475"},"modified":"2022-03-15T11:30:38","modified_gmt":"2022-03-15T10:30:38","slug":"sol%c2%b7licitud-de-lletrats-voluntaris-per-a-servei-pro-bono-dorientacio-legal-a-ciutadans-ucrainesos-que-arribin-a-les-illes-balears-ucraniaicaib-org","status":"publish","type":"post","link":"https:\/\/www.icaib.org\/ca\/sol%c2%b7licitud-de-lletrats-voluntaris-per-a-servei-pro-bono-dorientacio-legal-a-ciutadans-ucrainesos-que-arribin-a-les-illes-balears-ucraniaicaib-org\/","title":{"rendered":"Sol\u00b7licitud de lletrats voluntaris per a servei pro bono d&#8217;orientaci\u00f3 legal a ciutadans ucra\u00efnesos que arribin a les Illes Balears (ucrania@icaib.org)"},"content":{"rendered":"<p>La Junta de Govern de l&#8217;ICAIB ha acordat activar un servei especial pro bono d&#8217;assessorament legal per als ciutadans despla\u00e7ats des d&#8217;Ucra\u00efna que arribin a les illes fugint de la guerra, aix\u00ed com per als ciutadans ucra\u00efnesos que ja resideixin a la nostra comunitat.<\/p>\n<p>Per aix\u00f2, es prega als col\u00b7legiats, amb coneixements espec\u00edfics i acreditats en Dret d&#8217;Estrangeria que estiguin interessats a participar volunt\u00e0riament en aquest programa, que envi\u00efn un correu a l&#8217;adre\u00e7a electr\u00f2nica habilitada amb aquesta finalitat: <a href=\"mailto:ucrania@icaib.org\" target=\"_blank\" rel=\"noopener\">ucrania@icaib.org<\/a><\/p>\n<p>El servei funcionar\u00e0 mitjan\u00e7ant sol\u00b7licitud de cita pr\u00e8via, per part dels beneficiaris, al mateix correu electr\u00f2nic i es prestar\u00e0 presencialment a totes les seus col\u00b7legials, a trav\u00e9s de reunions entre el lletrat i els usuaris, concertades pr\u00e8viament, que estaran assistits per un int\u00e8rpret ucra\u00efn\u00e8s-espanyol (traducci\u00f3 presencial en el cas de Palma i per videoconfer\u00e8ncia si les reunions es duen a terme a la resta de les seus).<\/p>\n<p>\u00c9s important tenir en compte que aquest servei es crea com a un complement al que ja es presta al Servei d\u2019Orientaci\u00f3 Jur\u00eddica y al Torn d\u2019ofici, motiu pel qual cobrir\u00e0 una primera orientaci\u00f3 sobre les consultes legals que puguin presentar els ciutadans ucra\u00efnesos assistits, si b\u00e9 no inclou aquells sup\u00f2sits que poguessin ser susceptibles de possible judicialitzaci\u00f3 o d\u2019altres tipus d\u2019actuaci\u00f3 o d\u2019intervenci\u00f3 lletrada que, en tot cas, es remetran als serveis d&#8217;orientaci\u00f3 jur\u00eddica per, si escau, derivar-los a l&#8217;advocacia del Torn d&#8217;Ofici i\/o a l&#8217;organisme corresponent.<\/p>\n<p>Aix\u00ed mateix i, at\u00e8s l&#8217;inter\u00e8s que pot tenir de cara a la protecci\u00f3 d&#8217;aquestes persones, les persones interessades poden consultar la informaci\u00f3 sobre el procediment activat en Espanya per facilitar un acc\u00e9s \u00e0gil dels despla\u00e7ats al reconeixement de la protecci\u00f3 temporal, a aquest enlla\u00e7 web: (<a href=\"https:\/\/www.icaib.org\/ca\/activat-el-procediment-perque-les-persones-desplacades-ducraina-puguin-accedir-de-manera-agil-al-reconeixement-de-la-proteccio-temporal\/\" target=\"_blank\" rel=\"noopener\">https:\/\/www.icaib.org\/ca\/activat-el-procediment-perque-les-persones-desplacades-ducraina-puguin-accedir-de-manera-agil-al-reconeixement-de-la-proteccio-temporal\/<\/a>). A m\u00e9s, en aquest altre (<a href=\"https:\/\/www.icaib.org\/ca\/guies-i-eines-dinformacio-per-a-les-persones-desplacades-ducraina\/\" target=\"_blank\" rel=\"noopener\">https:\/\/www.icaib.org\/ca\/guies-i-eines-dinformacio-per-a-les-persones-desplacades-ducraina\/<\/a>), es poden consultar les guies de l\u2019Advocacia Espanyola i del Ministeri d\u2019Inclusi\u00f3, Migracions i Seguretat Social i altres eines habilitades amb informaci\u00f3n destacada per a les persones despla\u00e7ades.<\/p>\n","protected":false},"excerpt":{"rendered":"<p>La Junta de Govern de l&#8217;ICAIB ha acordat activar un  [&#8230;]<\/p>\n","protected":false},"author":1,"featured_media":0,"comment_status":"closed","ping_status":"closed","sticky":false,"template":"","format":"standard","meta":{"footnotes":""},"categories":[33,104],"tags":[],"class_list":["post-167475","post","type-post","status-publish","format-standard","hentry","category-noticies-icaib","category-ucrania-ca"],"_links":{"self":[{"href":"https:\/\/www.icaib.org\/ca\/wp-json\/wp\/v2\/posts\/167475","targetHints":{"allow":["GET"]}}],"collection":[{"href":"https:\/\/www.icaib.org\/ca\/wp-json\/wp\/v2\/posts"}],"about":[{"href":"https:\/\/www.icaib.org\/ca\/wp-json\/wp\/v2\/types\/post"}],"author":[{"embeddable":true,"href":"https:\/\/www.icaib.org\/ca\/wp-json\/wp\/v2\/users\/1"}],"replies":[{"embeddable":true,"href":"https:\/\/www.icaib.org\/ca\/wp-json\/wp\/v2\/comments?post=167475"}],"version-history":[{"count":0,"href":"https:\/\/www.icaib.org\/ca\/wp-json\/wp\/v2\/posts\/167475\/revisions"}],"wp:attachment":[{"href":"https:\/\/www.icaib.org\/ca\/wp-json\/wp\/v2\/media?parent=167475"}],"wp:term":[{"taxonomy":"category","embeddable":true,"href":"https:\/\/www.icaib.org\/ca\/wp-json\/wp\/v2\/categories?post=167475"},{"taxonomy":"post_tag","embeddable":true,"href":"https:\/\/www.icaib.org\/ca\/wp-json\/wp\/v2\/tags?post=167475"}],"curies":[{"name":"wp","href":"https:\/\/api.w.org\/{rel}","templated":true}]}}