{"id":173805,"date":"2022-04-25T13:42:27","date_gmt":"2022-04-25T11:42:27","guid":{"rendered":"https:\/\/www.icaib.org\/?p=173805"},"modified":"2022-04-25T13:42:27","modified_gmt":"2022-04-25T11:42:27","slug":"el-cgpj-recomana-lus-de-la-mascareta-a-linterior-de-les-seus-judicials","status":"publish","type":"post","link":"https:\/\/www.icaib.org\/ca\/el-cgpj-recomana-lus-de-la-mascareta-a-linterior-de-les-seus-judicials\/","title":{"rendered":"El CGPJ recomana l&#8217;\u00fas de la mascareta a l&#8217;interior de les seus judicials"},"content":{"rendered":"<p>La Comissi\u00f3 Permanent del Consell General del Poder Judicial ha aprovat una actualitzaci\u00f3 de la \u201cGu\u00eda de buenas pr\u00e1cticas para la reactivaci\u00f3n de la actividad judicial y adopci\u00f3n de medidas de salud profesional para la prevenci\u00f3n de contagios es sedes judiciales\u201d, a la qual s&#8217;han incorporat les previsions del Reial decret 286\/2022, de 19 d\u2019abril, a fi d\u2019adequar-la a la nova estrat\u00e8gia d\u2019actuaci\u00f3 davant la pand\u00e8mia.<br \/>\nTot i que s&#8217;indica que \u201cs&#8217;haur\u00e0 de valorar a nivell individual la conveni\u00e8ncia o no d&#8217;usar la mascareta d&#8217;acord amb la pertinen\u00e7a a grups de m\u00e9s vulnerabilitat\u201d o a altres factors, a la guia es recomana l&#8217;\u00fas responsable i continuat de mascaretes en espais tancats, especialment sales de vistes i sales de declaracions, jutjats de gu\u00e0rdia on no es pugui guardar la dist\u00e0ncia m\u00ednima de seguretat i llocs on es produeixin aglomeracions; en despla\u00e7aments a centres penitenciaris, sanitaris o resid\u00e8ncies de gent gran i durant els despla\u00e7aments en vehicles compartits.<br \/>\nTamb\u00e9 estableix mesures col\u00b7lectives com mantenir la ventilaci\u00f3 i la temperatura adequades i la neteja i desinfecci\u00f3 di\u00e0ria d&#8217;equips de treball d&#8217;\u00fas compartit, sales de vistes i de deliberaci\u00f3, despatxos, sales d&#8217;espera, lavabos, ascensors, \u00e0rees de calabossos o zones de treball on se n&#8217;hagi comunicat un positiu.<br \/>\nM\u00e9s informaci\u00f3 a: https:\/\/www.poderjudicial.es\/cgpj\/es\/Poder-Judicial\/En-Portada\/El-CGPJ-recomienda-el-uso-de-la-mascarilla-en-el-interior-de-las-sedes-judiciales-y-pide-responsabilidad-individual-para-evitar-contagios S&#8217;informa que a l&#8217;enlla\u00e7 https:\/\/sepe.es\/HomeSepe\/erte-red\/erte-red-empresas.html es poden trobar guies i informaci\u00f3 sobre tr\u00e0mits i mesures relacionades amb Expedients Temporals de Regulaci\u00f3 d&#8217;Ocupaci\u00f3 i l&#8217;Instrument de Flexibilitat <\/p>\n","protected":false},"excerpt":{"rendered":"<p>La Comissi\u00f3 Permanent del Consell General del Poder Judicial ha  [&#8230;]<\/p>\n","protected":false},"author":1,"featured_media":0,"comment_status":"closed","ping_status":"closed","sticky":false,"template":"","format":"standard","meta":{"footnotes":""},"categories":[33],"tags":[],"class_list":["post-173805","post","type-post","status-publish","format-standard","hentry","category-noticies-icaib"],"_links":{"self":[{"href":"https:\/\/www.icaib.org\/ca\/wp-json\/wp\/v2\/posts\/173805","targetHints":{"allow":["GET"]}}],"collection":[{"href":"https:\/\/www.icaib.org\/ca\/wp-json\/wp\/v2\/posts"}],"about":[{"href":"https:\/\/www.icaib.org\/ca\/wp-json\/wp\/v2\/types\/post"}],"author":[{"embeddable":true,"href":"https:\/\/www.icaib.org\/ca\/wp-json\/wp\/v2\/users\/1"}],"replies":[{"embeddable":true,"href":"https:\/\/www.icaib.org\/ca\/wp-json\/wp\/v2\/comments?post=173805"}],"version-history":[{"count":0,"href":"https:\/\/www.icaib.org\/ca\/wp-json\/wp\/v2\/posts\/173805\/revisions"}],"wp:attachment":[{"href":"https:\/\/www.icaib.org\/ca\/wp-json\/wp\/v2\/media?parent=173805"}],"wp:term":[{"taxonomy":"category","embeddable":true,"href":"https:\/\/www.icaib.org\/ca\/wp-json\/wp\/v2\/categories?post=173805"},{"taxonomy":"post_tag","embeddable":true,"href":"https:\/\/www.icaib.org\/ca\/wp-json\/wp\/v2\/tags?post=173805"}],"curies":[{"name":"wp","href":"https:\/\/api.w.org\/{rel}","templated":true}]}}