{"id":187353,"date":"2022-07-28T11:33:31","date_gmt":"2022-07-28T09:33:31","guid":{"rendered":"https:\/\/www.icaib.org\/?p=187353"},"modified":"2022-07-28T11:33:50","modified_gmt":"2022-07-28T09:33:50","slug":"maria-emilia-casas-la-primera-presidenta-del-tribunal-constitucional-quart-premi-enriqueta-pascual-per-la-igualtat","status":"publish","type":"post","link":"https:\/\/www.icaib.org\/ca\/maria-emilia-casas-la-primera-presidenta-del-tribunal-constitucional-quart-premi-enriqueta-pascual-per-la-igualtat\/","title":{"rendered":"Mar\u00eda Emilia Casas, la primera presidenta del Tribunal Constitucional, quart Premi Enriqueta Pascual per la Igualtat"},"content":{"rendered":"<p>La Junta de Govern de l\u2019ICAIB ha acordat concedir a la senyora Mar\u00eda Emilia Casas Baamonde, la primera dona que va presidir el Tribunal Constitucional (juny 2004 &#8211; gener 2011), el Premi Enriqueta Pascual per la Igualtat , creat el 2019 amb l\u2019objectiu de recon\u00e8ixer p\u00fablicament la tasca de les persones f\u00edsiques o jur\u00eddiques que, des de la seva posici\u00f3 professional en la branca de les ci\u00e8ncies jur\u00eddiques, o en estreta relaci\u00f3 amb aquestes, treballen per erradicar la discriminaci\u00f3 per ra\u00f3 de sexe o g\u00e8nere i per avan\u00e7ar cap a la igualtat plena, real i efectiva entre dones i homes.<\/p>\n<p>Mar\u00eda Emilia Casas, catedr\u00e0tica del Dret del Treball i la Seguretat Social, ha resultat guanyadora d\u2019aquest premi en la quarta edici\u00f3 \u00abper l\u2019aportaci\u00f3 innegable a la defensa de la igualtat entre dones i homes que ha duit a terme en les diferents facetes professionals que ha exercit; pel seu comprom\u00eds ferm a favor de la conciliaci\u00f3 de la vida personal i professional dels treballadors, i per la seva exemplar contribuci\u00f3 a proporcionar visibilitat social i jur\u00eddica.<\/p>\n<p>El guard\u00f3, creat a inst\u00e0ncia de la Comissi\u00f3 d\u2019Igualtat, pren el seu nom de la senyora Enriqueta Pascual Gil, la primera dona que es va incorporar a l\u2019ICAIB com a advocada exercent, a l\u2019any 1956.<\/p>\n","protected":false},"excerpt":{"rendered":"<p>La Junta de Govern de l\u2019ICAIB ha acordat concedir a  [&#8230;]<\/p>\n","protected":false},"author":1,"featured_media":0,"comment_status":"closed","ping_status":"closed","sticky":false,"template":"","format":"standard","meta":{"footnotes":""},"categories":[33],"tags":[],"class_list":["post-187353","post","type-post","status-publish","format-standard","hentry","category-noticies-icaib"],"_links":{"self":[{"href":"https:\/\/www.icaib.org\/ca\/wp-json\/wp\/v2\/posts\/187353","targetHints":{"allow":["GET"]}}],"collection":[{"href":"https:\/\/www.icaib.org\/ca\/wp-json\/wp\/v2\/posts"}],"about":[{"href":"https:\/\/www.icaib.org\/ca\/wp-json\/wp\/v2\/types\/post"}],"author":[{"embeddable":true,"href":"https:\/\/www.icaib.org\/ca\/wp-json\/wp\/v2\/users\/1"}],"replies":[{"embeddable":true,"href":"https:\/\/www.icaib.org\/ca\/wp-json\/wp\/v2\/comments?post=187353"}],"version-history":[{"count":0,"href":"https:\/\/www.icaib.org\/ca\/wp-json\/wp\/v2\/posts\/187353\/revisions"}],"wp:attachment":[{"href":"https:\/\/www.icaib.org\/ca\/wp-json\/wp\/v2\/media?parent=187353"}],"wp:term":[{"taxonomy":"category","embeddable":true,"href":"https:\/\/www.icaib.org\/ca\/wp-json\/wp\/v2\/categories?post=187353"},{"taxonomy":"post_tag","embeddable":true,"href":"https:\/\/www.icaib.org\/ca\/wp-json\/wp\/v2\/tags?post=187353"}],"curies":[{"name":"wp","href":"https:\/\/api.w.org\/{rel}","templated":true}]}}