{"id":20094,"date":"2016-11-30T11:28:10","date_gmt":"2016-11-30T10:28:10","guid":{"rendered":"https:\/\/www.icaib.org\/ca\/?p=20094"},"modified":"2017-07-25T13:00:28","modified_gmt":"2017-07-25T11:00:28","slug":"les-darreres-paraules-nova-proposta-del-grup-de-lectura","status":"publish","type":"post","link":"https:\/\/www.icaib.org\/ca\/les-darreres-paraules-nova-proposta-del-grup-de-lectura\/","title":{"rendered":"\u201cLes darreres paraules&#8221;, nova proposta del grup de lectura"},"content":{"rendered":"<p>&#8216;Les darreres paraules\u201d, de l&#8217;escriptora Carme Riera, \u00e9s la nova proposta del Grup de Lectura de l&#8217;ICAIB, que impulsa la Comissi\u00f3 de Normalitzaci\u00f3 Ling\u00fc\u00edstica i que est\u00e0 obert a tots els col\u00b7legiats.<\/p>\n<p>En la novel\u00b7la, l&#8217;escriptora recrea, com unes suposades mem\u00f2ries, les viv\u00e8ncies familiars, sentimentals i pol\u00edtiques de l&#8217;arxiduc Llu\u00eds Salvador, un home enamorat de Mallorca i de &#8220;personalitat extraordin\u00e0ria que, tot i pert\u00e0nyer a la Casa imperial m\u00e9s important d&#8217;Europa, va viure allunyat dels convencionalismes &#8220;.<\/p>\n<p>Al mes de gener s&#8217;organitzar\u00e0 una trobada entre els lectors i l&#8217;escriptora Carme Riera per conversar sobre la novel\u00b7la i altres temes relacionats amb la seva obra. M\u00e9s endavant es publicar\u00e0 en circular la data i l&#8217;hora exactes de la xerrada.<\/p>\n","protected":false},"excerpt":{"rendered":"<p>&#8216;Les darreres paraules\u201d, de l&#8217;escriptora Carme Riera, \u00e9s la nova  [&#8230;]<\/p>\n","protected":false},"author":1,"featured_media":20092,"comment_status":"closed","ping_status":"closed","sticky":false,"template":"","format":"standard","meta":{"footnotes":""},"categories":[33],"tags":[],"class_list":["post-20094","post","type-post","status-publish","format-standard","has-post-thumbnail","hentry","category-noticies-icaib"],"_links":{"self":[{"href":"https:\/\/www.icaib.org\/ca\/wp-json\/wp\/v2\/posts\/20094","targetHints":{"allow":["GET"]}}],"collection":[{"href":"https:\/\/www.icaib.org\/ca\/wp-json\/wp\/v2\/posts"}],"about":[{"href":"https:\/\/www.icaib.org\/ca\/wp-json\/wp\/v2\/types\/post"}],"author":[{"embeddable":true,"href":"https:\/\/www.icaib.org\/ca\/wp-json\/wp\/v2\/users\/1"}],"replies":[{"embeddable":true,"href":"https:\/\/www.icaib.org\/ca\/wp-json\/wp\/v2\/comments?post=20094"}],"version-history":[{"count":0,"href":"https:\/\/www.icaib.org\/ca\/wp-json\/wp\/v2\/posts\/20094\/revisions"}],"wp:featuredmedia":[{"embeddable":true,"href":"https:\/\/www.icaib.org\/ca\/wp-json\/wp\/v2\/media\/20092"}],"wp:attachment":[{"href":"https:\/\/www.icaib.org\/ca\/wp-json\/wp\/v2\/media?parent=20094"}],"wp:term":[{"taxonomy":"category","embeddable":true,"href":"https:\/\/www.icaib.org\/ca\/wp-json\/wp\/v2\/categories?post=20094"},{"taxonomy":"post_tag","embeddable":true,"href":"https:\/\/www.icaib.org\/ca\/wp-json\/wp\/v2\/tags?post=20094"}],"curies":[{"name":"wp","href":"https:\/\/api.w.org\/{rel}","templated":true}]}}