{"id":202063,"date":"2023-01-02T08:55:07","date_gmt":"2023-01-02T07:55:07","guid":{"rendered":"https:\/\/www.icaib.org\/?p=202063"},"modified":"2023-01-02T08:55:07","modified_gmt":"2023-01-02T07:55:07","slug":"avis-important-sobre-el-sistema-identificacio-per-a-lacces-al-servei-de-correo-office-365","status":"publish","type":"post","link":"https:\/\/www.icaib.org\/ca\/avis-important-sobre-el-sistema-identificacio-per-a-lacces-al-servei-de-correo-office-365\/","title":{"rendered":"Av\u00eds important sobre el sistema identificaci\u00f3 per a l\u2019acc\u00e9s al servei de Correo Office 365"},"content":{"rendered":"<p>S\u2019adjunta al final d\u2019aquestes l\u00ednies la circular d\u2019Advocacia Espanyola en la qual es recorda l\u2019av\u00eds sobre la retirada, aquest mes de gener, del m\u00e8tode b\u00e0sic d\u2019identificaci\u00f3 per a l\u2019acc\u00e9s al servei de Correo Office 365, la qual cosa implica que aquesta identificaci\u00f3 s\u2019haur\u00e0 de fer amb el m\u00e8tode avan\u00e7at, m\u00e9s segur.<\/p>\n<p>Segons es diu a la circular, quan Microsoft apliqui aquest canvi, \u201calguns usuaris poden tenir problemes en el seu acc\u00e9s al correu si empren programes \u2018client\u2019 (com Outlook o altres), si b\u00e9 sempre podran accedir via Web (a trav\u00e9s del portal outlook.office.com)\u201d.<\/p>\n<p>Aix\u00ed mateix, s\u2019indica que els usuaris que utilitzin programes \u201cclient\u201d els han de revisar en els seus dispositius m\u00f2bils (ordenadors, m\u00f2bils, tablets\u2026) per assegurar que utilitzen la identificaci\u00f3 \u201cavan\u00e7ada\u201d enlloc de la \u201cb\u00e0sica\u201d.<\/p>\n<p>Al lloc web <a href=\"https:\/\/www.abogacia.es\/servicios\/abogados\/correo-electronico\/\" target=\"_blank\" rel=\"noopener\">https:\/\/www.abogacia.es\/servicios\/abogados\/correo-electronico\/<\/a> s\u2019anir\u00e0 publicant la informaci\u00f3 de la qual es disposi sobre els canvis configuracions que s\u2019han de fer a cada cas.<\/p>\n<p>Per a suport en general i ajuda t\u00e8cnica tenen al seu abast el servei de Suport T\u00e8cnic CAU, tant per via telef\u00f2nica en els n\u00fameros 91 150 10 03 y 93 014 10 01, com a trav\u00e9s del correu <a href=\"mailto:soporte.tecnico@redabogacia.org\" target=\"_blank\" rel=\"noopener\">soporte.tecnico@redabogacia.org<\/a> (de dilluns a divendres, de les 8.30 a les 14.30 y de les 15.30 a les 20.00 hores i els dissabtes, de les 8:30 a les 14:30 hores.<\/p>\n<a href='https:\/\/www.icaib.org\/wp-content\/uploads\/2023\/01\/Circular-214_2022.pdf' target='_blank'>\n                <i class='fas fa-link'><\/i> \n                <strong>M\u00e9s informaci\u00f3<\/strong>\n            <\/a><br\/>\n","protected":false},"excerpt":{"rendered":"<p>S\u2019adjunta al final d\u2019aquestes l\u00ednies la circular d\u2019Advocacia Espanyola en  [&#8230;]<\/p>\n","protected":false},"author":1,"featured_media":0,"comment_status":"closed","ping_status":"closed","sticky":false,"template":"","format":"standard","meta":{"footnotes":""},"categories":[33],"tags":[],"class_list":["post-202063","post","type-post","status-publish","format-standard","hentry","category-noticies-icaib"],"_links":{"self":[{"href":"https:\/\/www.icaib.org\/ca\/wp-json\/wp\/v2\/posts\/202063","targetHints":{"allow":["GET"]}}],"collection":[{"href":"https:\/\/www.icaib.org\/ca\/wp-json\/wp\/v2\/posts"}],"about":[{"href":"https:\/\/www.icaib.org\/ca\/wp-json\/wp\/v2\/types\/post"}],"author":[{"embeddable":true,"href":"https:\/\/www.icaib.org\/ca\/wp-json\/wp\/v2\/users\/1"}],"replies":[{"embeddable":true,"href":"https:\/\/www.icaib.org\/ca\/wp-json\/wp\/v2\/comments?post=202063"}],"version-history":[{"count":0,"href":"https:\/\/www.icaib.org\/ca\/wp-json\/wp\/v2\/posts\/202063\/revisions"}],"wp:attachment":[{"href":"https:\/\/www.icaib.org\/ca\/wp-json\/wp\/v2\/media?parent=202063"}],"wp:term":[{"taxonomy":"category","embeddable":true,"href":"https:\/\/www.icaib.org\/ca\/wp-json\/wp\/v2\/categories?post=202063"},{"taxonomy":"post_tag","embeddable":true,"href":"https:\/\/www.icaib.org\/ca\/wp-json\/wp\/v2\/tags?post=202063"}],"curies":[{"name":"wp","href":"https:\/\/api.w.org\/{rel}","templated":true}]}}