{"id":203533,"date":"2023-01-16T12:45:43","date_gmt":"2023-01-16T11:45:43","guid":{"rendered":"https:\/\/www.icaib.org\/?p=203533"},"modified":"2023-01-16T12:48:11","modified_gmt":"2023-01-16T11:48:11","slug":"comunicat-de-la-seccio-de-mitjans-alternatius-de-solucio-de-conflictes-amb-motiu-del-dia-europeu-de-la-mediacio","status":"publish","type":"post","link":"https:\/\/www.icaib.org\/ca\/comunicat-de-la-seccio-de-mitjans-alternatius-de-solucio-de-conflictes-amb-motiu-del-dia-europeu-de-la-mediacio\/","title":{"rendered":"Comunicat de la Secci\u00f3 de Mitjans Alternatius de Soluci\u00f3 de Conflictes amb motiu del Dia Europeu de la Mediaci\u00f3"},"content":{"rendered":"<p>S&#8217;adjunta al final d&#8217;aquestes l\u00ednies el comunicat que ha preparat la Secci\u00f3 de Mitjans Alternatius de Soluci\u00f3 de Conflictes amb motiu de la commemoraci\u00f3, el proper 21 de gener, del Dia Europeu de la Mediaci\u00f3, en el qual els integrants de la secci\u00f3 col\u00b7legial animen a la ciutadania i als professionals a aprofitar els avantatges que ofereix aquest procediment, com, entre d&#8217;altres, la seva voluntarietat, flexibilitat, confidencialitat, i la neutralitat i imparcialitat dels mediadors.<\/p>\n<p>A la seva nota, els integrants d&#8217;aquesta secci\u00f3 de l&#8217;ICAIB reconeixen que la implantaci\u00f3 d&#8217;aquest mitj\u00e0 de resoluci\u00f3 de controv\u00e8rsies al nostre pa\u00eds resulta encara \u201ct\u00e8bia\u201d, la qual cosa, afegeixen, \u201ccontrasta amb el grau de satisfacci\u00f3 dels ciutadans que hi recorren a aquest procediment i al gran nombre de professionals de la mediaci\u00f3 que hi ha a Espanya\u201d.<\/p>\n<a href='https:\/\/www.icaib.org\/wp-content\/uploads\/2023\/01\/Mediacion.pdf' target='_blank'>\n                <i class='fas fa-link'><\/i> \n                <strong>Comunicat 1\/2023 secci\u00f3 Mitjans Alternatius de Soluci\u00f3 de Conflictes<\/strong>\n            <\/a><br\/>\n","protected":false},"excerpt":{"rendered":"<p>S&#8217;adjunta al final d&#8217;aquestes l\u00ednies el comunicat que ha preparat  [&#8230;]<\/p>\n","protected":false},"author":1,"featured_media":0,"comment_status":"closed","ping_status":"closed","sticky":false,"template":"","format":"standard","meta":{"footnotes":""},"categories":[33],"tags":[],"class_list":["post-203533","post","type-post","status-publish","format-standard","hentry","category-noticies-icaib"],"_links":{"self":[{"href":"https:\/\/www.icaib.org\/ca\/wp-json\/wp\/v2\/posts\/203533","targetHints":{"allow":["GET"]}}],"collection":[{"href":"https:\/\/www.icaib.org\/ca\/wp-json\/wp\/v2\/posts"}],"about":[{"href":"https:\/\/www.icaib.org\/ca\/wp-json\/wp\/v2\/types\/post"}],"author":[{"embeddable":true,"href":"https:\/\/www.icaib.org\/ca\/wp-json\/wp\/v2\/users\/1"}],"replies":[{"embeddable":true,"href":"https:\/\/www.icaib.org\/ca\/wp-json\/wp\/v2\/comments?post=203533"}],"version-history":[{"count":0,"href":"https:\/\/www.icaib.org\/ca\/wp-json\/wp\/v2\/posts\/203533\/revisions"}],"wp:attachment":[{"href":"https:\/\/www.icaib.org\/ca\/wp-json\/wp\/v2\/media?parent=203533"}],"wp:term":[{"taxonomy":"category","embeddable":true,"href":"https:\/\/www.icaib.org\/ca\/wp-json\/wp\/v2\/categories?post=203533"},{"taxonomy":"post_tag","embeddable":true,"href":"https:\/\/www.icaib.org\/ca\/wp-json\/wp\/v2\/tags?post=203533"}],"curies":[{"name":"wp","href":"https:\/\/api.w.org\/{rel}","templated":true}]}}