{"id":20394,"date":"2017-01-02T08:41:47","date_gmt":"2017-01-02T07:41:47","guid":{"rendered":"https:\/\/www.icaib.org\/?p=20394\/"},"modified":"2017-07-25T13:00:25","modified_gmt":"2017-07-25T11:00:25","slug":"model-de-recurs-sobre-aplicacio-de-prorrata-en-la-declaracio-de-quotes-deduibles-de-liva-per-ingressos-del-torn-dofici","status":"publish","type":"post","link":"https:\/\/www.icaib.org\/ca\/model-de-recurs-sobre-aplicacio-de-prorrata-en-la-declaracio-de-quotes-deduibles-de-liva-per-ingressos-del-torn-dofici\/","title":{"rendered":"Model de recurs sobre aplicaci\u00f3 de prorrata en la declaraci\u00f3 de quotes dedu\u00efbles de l\u2019IVA per ingressos del Torn d\u2019Ofici"},"content":{"rendered":"<p>Adjuntam al final d\u2019aquest text un model de recurs que pot ser d\u2019inter\u00e8s per a les persones interessades a rec\u00f3rrer les liquidacions provisionals de l\u2019IVA que du a terme l\u2019AEAT en relaci\u00f3 als ingressos percebuts pel Torn d\u2019Ofici en exercicis anteriors.<\/p>\n<p>En aquest model es recorda, d\u2019una banda, que la Resoluci\u00f3 de la Direcci\u00f3 general de Tributs, en contestaci\u00f3 a una consulta feta pel Consell General de l\u2019Advocacia Espanyola, assenyala textualment que: \u201cNo est\u00e1n sujetos al Impuesto sobre el Valor A\u00f1adido los servicios prestados por abogados y procuradores con car\u00e1cter obligatorio y gratuito en los casos en que sean designados de oficio o para asistencia letrada al detenido\u201d, i, de l\u2019altra, s\u2019indica que, en conseq\u00fc\u00e8ncia, tampoc seria aplicable la regla de prorrata a la de declaraci\u00f3 de les quotes dedu\u00efbles de l\u2019IVA per conseq\u00fc\u00e8ncia de les percepcions obtingudes del Torn d\u2019Ofici. <\/p>\n<p>En els mateixos termes s&#8217;ha pronunciat recentment el Tribunal Econ\u00f2mic-Administratiu Regional de les Illes Balears, en l&#8217;estimaci\u00f3 de les reclamacions que va interposar un lletrat de les Balears contra els acords de la Depend\u00e8ncia de Gesti\u00f3 Tribut\u00e0ria de l&#8217;AEAT que confirmaven les liquidacions provisionals de l&#8217;IVA pels ingressos del TO en exercicis anteriors.<\/p>\n<p>La decisi\u00f3 del Tribunal Econ\u00f2mic-Regional ve a donar la ra\u00f3 a l&#8217;advocacia balear i, despr\u00e9s de referir-se a diferents resolucions al respecte de la pr\u00f2pia Direcci\u00f3 General de Tributs ia la sent\u00e8ncia 2013.09.27 de l&#8217;Audi\u00e8ncia Nacional, recorda que la Llei 37 \/ 1992 de l&#8217;IVA i, concretament l&#8217;article 104.3, assenyala que &#8220;Per a la determinaci\u00f3 del percentatge de deducci\u00f3 no es computaran en cap dels termes de la relaci\u00f3 (&#8230;) 5\u00e8 Les operacions no subjectes a l&#8217;impost segons all\u00f2 que disposa l&#8217;article 7 d\u2019aquesta Llei &#8220;.<\/p>\n<p>Aix\u00f2 suposa, segons el parer del tribunal, que &#8220;els casos de no subjecci\u00f3 a l&#8217;IVA d&#8217;acord amb l&#8217;article 7, entre els quals es troben els serveis prestats pels advocats designats en virtut del torn d&#8217;ofici, el percentatge de deducci\u00f3 a aplicar ser\u00e0 el del 100% de l&#8217;IVA suportat&#8221;.<br \/>\nModel de recurs<\/p>\n<div class=\"fusion-fullwidth fullwidth-box fusion-builder-row-1 hundred-percent-fullwidth non-hundred-percent-height-scrolling\" style=\"--awb-border-radius-top-left:0px;--awb-border-radius-top-right:0px;--awb-border-radius-bottom-right:0px;--awb-border-radius-bottom-left:0px;--awb-overflow:visible;--awb-flex-wrap:wrap;\" ><div class=\"fusion-builder-row fusion-row\"><div class=\"fusion-layout-column fusion_builder_column fusion-builder-column-0 fusion_builder_column_1_1 1_1 fusion-one-full fusion-column-first fusion-column-last fusion-column-no-min-height\" style=\"--awb-bg-size:cover;--awb-margin-bottom:0px;\"><div class=\"fusion-column-wrapper fusion-flex-column-wrapper-legacy\"><a href='https:\/\/www.icaib.org\/wp-content\/uploads\/2017\/01\/Modelo-de-recurso.pdf' target='_blank'>\n                <i class='fas fa-link'><\/i> \n                <strong>Model de recurs<\/strong>\n            <\/a><br\/>\n<a href='https:\/\/www.icaib.org\/wp-content\/uploads\/2017\/01\/TO-Prorrata-Resolucion-tribunal-econ.pdf' target='_blank'>\n                <i class='fas fa-link'><\/i> \n                <strong>Resoluci\u00f3 Tribunal Econ\u00f2mic Regional<\/strong>\n            <\/a><br\/>\n<div class=\"fusion-clearfix\"><\/div><\/div><\/div><\/div><\/div>\n","protected":false},"excerpt":{"rendered":"<p>Adjuntam al final d\u2019aquest text un model de recurs que  [&#8230;]<\/p>\n","protected":false},"author":1,"featured_media":0,"comment_status":"closed","ping_status":"closed","sticky":false,"template":"","format":"standard","meta":{"footnotes":""},"categories":[43],"tags":[],"class_list":["post-20394","post","type-post","status-publish","format-standard","hentry","category-noticies-torn-ofici"],"_links":{"self":[{"href":"https:\/\/www.icaib.org\/ca\/wp-json\/wp\/v2\/posts\/20394","targetHints":{"allow":["GET"]}}],"collection":[{"href":"https:\/\/www.icaib.org\/ca\/wp-json\/wp\/v2\/posts"}],"about":[{"href":"https:\/\/www.icaib.org\/ca\/wp-json\/wp\/v2\/types\/post"}],"author":[{"embeddable":true,"href":"https:\/\/www.icaib.org\/ca\/wp-json\/wp\/v2\/users\/1"}],"replies":[{"embeddable":true,"href":"https:\/\/www.icaib.org\/ca\/wp-json\/wp\/v2\/comments?post=20394"}],"version-history":[{"count":0,"href":"https:\/\/www.icaib.org\/ca\/wp-json\/wp\/v2\/posts\/20394\/revisions"}],"wp:attachment":[{"href":"https:\/\/www.icaib.org\/ca\/wp-json\/wp\/v2\/media?parent=20394"}],"wp:term":[{"taxonomy":"category","embeddable":true,"href":"https:\/\/www.icaib.org\/ca\/wp-json\/wp\/v2\/categories?post=20394"},{"taxonomy":"post_tag","embeddable":true,"href":"https:\/\/www.icaib.org\/ca\/wp-json\/wp\/v2\/tags?post=20394"}],"curies":[{"name":"wp","href":"https:\/\/api.w.org\/{rel}","templated":true}]}}