{"id":208255,"date":"2023-02-27T08:44:32","date_gmt":"2023-02-27T07:44:32","guid":{"rendered":"https:\/\/www.icaib.org\/?p=208255"},"modified":"2023-02-27T08:44:32","modified_gmt":"2023-02-27T07:44:32","slug":"sol%c2%b7licitud-de-lletrats-voluntaris-per-atendre-el-nou-soj-de-proximitat-per-a-menors-dedat-amb-mesures-judicials-i-joves-que-ostenten-la-condicio-de-menors-estrangers-no-acompanyats-que-son-a-l","status":"publish","type":"post","link":"https:\/\/www.icaib.org\/ca\/sol%c2%b7licitud-de-lletrats-voluntaris-per-atendre-el-nou-soj-de-proximitat-per-a-menors-dedat-amb-mesures-judicials-i-joves-que-ostenten-la-condicio-de-menors-estrangers-no-acompanyats-que-son-a-l\/","title":{"rendered":"Sol\u00b7licitud de lletrats voluntaris per atendre el nou SOJ de proximitat per a menors d&#8217;edat amb mesures judicials i joves que ostenten la condici\u00f3 de menors estrangers no acompanyats que s\u00f3n a la xarxa p\u00fablica d&#8217;emancipaci\u00f3"},"content":{"rendered":"<p>Informem als col\u00b7legiats que s&#8217;ha sol\u00b7licitat una subvenci\u00f3 per al nou Servei d&#8217;Orientaci\u00f3 Jur\u00eddica de proximitat, que es posar\u00e0 en marxa d\u00eda 1 de mar\u00e7 de 2023 i que s\u2019adre\u00e7a a dos grups diferenciats de beneficiaris, per als quals se sol\u00b7liciten lletrats voluntaris que han de complir els requisits seg\u00fcents:<\/p>\n<ul>\n<li>SOJ Menors amb mesures judicials: lletrats en exercici amb formaci\u00f3 espec\u00edfica de menors. (Assessorament legal a menors que compleixen mesures judicials en q\u00fcestions de qualsevol jurisdicci\u00f3).<\/li>\n<li>SOJ MENAS: lletrats en exercici amb formaci\u00f3 espec\u00edfica d&#8217;estrangeria. (Assessorament legal en q\u00fcestions d&#8217;estrangeria i acompanyament professional durant el procediment que la persona benefici\u00e0ria del projecte hagi de fer).<\/li>\n<li>Declaraci\u00f3 responsable acreditativa que es posseeixen els coneixements jur\u00eddics necessaris (veure document adjunt).<\/li>\n<\/ul>\n<p>El servei es prestar\u00e0, en el cas dels menors que estiguin complint una mesura privativa de llibertat, als centres d&#8217;internament de menors dependents del Govern de les Illes Balears i als Centres de Just\u00edcia gestionats per la Fundaci\u00f3 Institut Socioeducatiu S&#8217;Estel, mentre que en la resta dels casos es dur\u00e0 a terme als respectius despatxos professionals.<\/p>\n<p>Pel que fa a les retribucions dels lletrats que s&#8217;inscriguin, s&#8217;ha previst el pagament de 45\u20ac bruts per assist\u00e8ncia d&#8217;assessorament i 45\u20ac per acompanyament professional durant el procediment que la persona benefici\u00e0ria del projecte hagi de fer.<\/p>\n<p>Per poder atendre l&#8217;imminent inici d\u2019aquest serveis esmentats, els lletrats interessats a formar part dels nous torns hauran de dirigir la seva sol\u00b7licitud al correu electr\u00f2nic <a href=\"mailto:anapilar.lopez@icaib.org\" target=\"_blank\" rel=\"noopener\">anapilar.lopez@icaib.org<\/a> abans del dia 6 de mar\u00e7 de 2023, incl\u00f3s, adjuntant una fotoc\u00f2pia del DNI en vigor i el formulari que trobareu al final d&#8217;aquestes l\u00ednies, degudament emplenat i amb especificaci\u00f3 del grup concret i aportant la declaraci\u00f3 de la formaci\u00f3 requerida.<\/p>\n<p>Cal tenir en compte que l&#8217;activitat no es limita a un assessorament general i\/o una primera orientaci\u00f3, ja que inclou els acompanyaments que requereixin les gestions que calgui fer, tot i que els professionals assignats a aquests serveis no podran assumir els assumptes, ni dur a terme, ni directament ni indirectament, les actuacions judicials o extrajudicials que podrien provenir o derivar de les consultes ateses en el marc daquest servei. Si s&#8217;hagu\u00e9s de sol\u00b7licitar just\u00edcia gratu\u00efta per a la defensa dels seus interessos, es facilitar\u00e0 la informaci\u00f3 i es col\u00b7laborar\u00e0 en la seva gesti\u00f3.<\/p>\n<p>S&#8217;informa que per poder romandre al servei cal complir amb la presentaci\u00f3 de les assist\u00e8ncies i factures en els cinc dies posteriors a la realitzaci\u00f3 del servei, tal com sol\u00b7licita la Conselleria d&#8217;Afers Socials.<\/p>\n<a href='https:\/\/www.icaib.org\/wp-content\/uploads\/2023\/02\/Menas-2023.pdf' target='_blank'>\n                <i class='fas fa-link'><\/i> \n                <strong>Declaraci\u00f3 responsable<\/strong>\n            <\/a><br\/>\n","protected":false},"excerpt":{"rendered":"<p>Informem als col\u00b7legiats que s&#8217;ha sol\u00b7licitat una subvenci\u00f3 per al  [&#8230;]<\/p>\n","protected":false},"author":1,"featured_media":0,"comment_status":"closed","ping_status":"closed","sticky":false,"template":"","format":"standard","meta":{"footnotes":""},"categories":[33],"tags":[],"class_list":["post-208255","post","type-post","status-publish","format-standard","hentry","category-noticies-icaib"],"_links":{"self":[{"href":"https:\/\/www.icaib.org\/ca\/wp-json\/wp\/v2\/posts\/208255","targetHints":{"allow":["GET"]}}],"collection":[{"href":"https:\/\/www.icaib.org\/ca\/wp-json\/wp\/v2\/posts"}],"about":[{"href":"https:\/\/www.icaib.org\/ca\/wp-json\/wp\/v2\/types\/post"}],"author":[{"embeddable":true,"href":"https:\/\/www.icaib.org\/ca\/wp-json\/wp\/v2\/users\/1"}],"replies":[{"embeddable":true,"href":"https:\/\/www.icaib.org\/ca\/wp-json\/wp\/v2\/comments?post=208255"}],"version-history":[{"count":0,"href":"https:\/\/www.icaib.org\/ca\/wp-json\/wp\/v2\/posts\/208255\/revisions"}],"wp:attachment":[{"href":"https:\/\/www.icaib.org\/ca\/wp-json\/wp\/v2\/media?parent=208255"}],"wp:term":[{"taxonomy":"category","embeddable":true,"href":"https:\/\/www.icaib.org\/ca\/wp-json\/wp\/v2\/categories?post=208255"},{"taxonomy":"post_tag","embeddable":true,"href":"https:\/\/www.icaib.org\/ca\/wp-json\/wp\/v2\/tags?post=208255"}],"curies":[{"name":"wp","href":"https:\/\/api.w.org\/{rel}","templated":true}]}}