{"id":21034,"date":"2017-02-17T12:42:34","date_gmt":"2017-02-17T11:42:34","guid":{"rendered":"https:\/\/www.icaib.org\/?p=21034\/"},"modified":"2017-07-25T13:00:09","modified_gmt":"2017-07-25T11:00:09","slug":"lletrats-voluntaris-per-a-jornada-informativa-oberta-a-la-ciutadania-sobre-clausules-abusives","status":"publish","type":"post","link":"https:\/\/www.icaib.org\/ca\/lletrats-voluntaris-per-a-jornada-informativa-oberta-a-la-ciutadania-sobre-clausules-abusives\/","title":{"rendered":"Lletrats voluntaris per a la jornada informativa oberta a la ciutadania sobre cl\u00e0usules abusives.- Places cobertes a la seu de Manacor"},"content":{"rendered":"<p>Amb l&#8217;objectiu d&#8217;ajudar els ciutadans afectats per cl\u00e0usules abusives hipotec\u00e0ries i proporcionar una primera orientaci\u00f3 legal pr\u00e8via que els permeti identificar aquestes cl\u00e0usules i, si escau, assessorar-se sobre els passos a fer per reclamar la devoluci\u00f3 de les quantitats cobrades de forma indeguda, l&#8217;ICAIB organitza una jornada informativa oberta al ciutad\u00e0, que tindr\u00e0 lloc el dia 3 de mar\u00e7, de 9 a 14 hores, durant la qual les persones que hagin sol\u00b7licitat cita pr\u00e8via a trav\u00e9s del web col\u00b7legial seran ateses, a les seus col\u00b7legials d&#8217;Eivissa , Inca, Ma\u00f3, Manacor i Palma, pels lletrats que volunt\u00e0riament participin a la jornada.<\/p>\n<p>L&#8217;assessorament legal que es proporcionar\u00e0 als usuaris es centrar\u00e0 de manera exclusiva en cl\u00e0usules hipotec\u00e0ries abusives i abastar\u00e0 \u00fanicament una assessorament previ per determinar l&#8217;exist\u00e8ncia o no d&#8217;aquestes cl\u00e0usules i informar al ciutad\u00e0 sobre la possible reclamaci\u00f3, per\u00f2 no inclour\u00e0 les actuacions processals que puguin derivar-se de cada cas concret.<\/p>\n<p>En funci\u00f3 del nombre de lletrats que s&#8217;inscriguin s&#8217;organitzaran els torns horaris que dur\u00e0 a terme cada un d&#8217;ells. No obstant aix\u00f2, i per tal de facilitar el desenvolupament ordenat de la jornada i l&#8217;adequada distribuci\u00f3 dels lletrats en els espais col\u00b7legials disponibles, s&#8217;ha fixat un m\u00e0xim de lletrats participants per cada seu.<\/p>\n<p>Aix\u00ed mateix, s&#8217;ha calculat que la durada mitjana de cada consulta ser\u00e0 d&#8217;entre 15 i 20 minuts.<\/p>\n<p><strong>Els col\u00b7legiats interessats a participar a la jornada han d&#8217;emplenar i enviar el formulari que trobaran tot seguit, abans del 23 de febrer.<\/strong><\/p>\n<div class=\"fusion-fullwidth fullwidth-box fusion-builder-row-1 hundred-percent-fullwidth non-hundred-percent-height-scrolling\" style=\"--awb-border-radius-top-left:0px;--awb-border-radius-top-right:0px;--awb-border-radius-bottom-right:0px;--awb-border-radius-bottom-left:0px;--awb-overflow:visible;--awb-flex-wrap:wrap;\" ><div class=\"fusion-builder-row fusion-row\"><div class=\"fusion-layout-column fusion_builder_column fusion-builder-column-0 fusion_builder_column_1_1 1_1 fusion-one-full fusion-column-first fusion-column-last fusion-column-no-min-height\" style=\"--awb-bg-size:cover;--awb-margin-bottom:0px;\"><div class=\"fusion-column-wrapper fusion-flex-column-wrapper-legacy\">Please select a valid form\n<p><strong>Protecci\u00f3 de Dades de Car\u00e0cter Personal<\/strong>.- Les dades personals facilitades seran incorporats a un fitxer de l\u2019Il\u00b7lustre Col\u00b7legi d\u2019Advocats de Balears per a l\u2019organitzaci\u00f3 i la gesti\u00f3 administrativa i econ\u00f2mica de l\u2019esdeveniment. Tret que vost\u00e8 ens indiqui la seva voluntat contr\u00e0ria a aquest tractament, les seves dades personals, fins i tot la seva imatge, podran ser captats i incorporats a un fitxer de dades de car\u00e0cter personal de l\u2019entitat amb finalitats hist\u00f2riques i per a l\u2019elaboraci\u00f3 de la Mem\u00f2ria anual d\u2019activitats desenvolupades. Per exercir els seus drets d\u2019acc\u00e9s, rectificaci\u00f3, cancel\u00b7laci\u00f3 i oposici\u00f3 pot dirigir-se per escrit, acompanyant c\u00f2pia del seu DNI, a Fundaci\u00f3 per a l\u2019Il\u00b7lustre Col\u00b7legi d\u2019Advocats de Balears, La Rambla n\u00ba10 baixos (07003. Palma de Mallorca). Recordi que si consigna dades personals de tercers ha d\u2019haver obtingut pr\u00e8viament el seu consentiment i informar-li del contingut del present expositiu.<div class=\"fusion-clearfix\"><\/div><\/div><\/div><\/div><\/div>\n","protected":false},"excerpt":{"rendered":"<p>Amb l&#8217;objectiu d&#8217;ajudar els ciutadans afectats per cl\u00e0usules abusives hipotec\u00e0ries  [&#8230;]<\/p>\n","protected":false},"author":1,"featured_media":0,"comment_status":"closed","ping_status":"closed","sticky":false,"template":"","format":"standard","meta":{"footnotes":""},"categories":[33],"tags":[],"class_list":["post-21034","post","type-post","status-publish","format-standard","hentry","category-noticies-icaib"],"_links":{"self":[{"href":"https:\/\/www.icaib.org\/ca\/wp-json\/wp\/v2\/posts\/21034","targetHints":{"allow":["GET"]}}],"collection":[{"href":"https:\/\/www.icaib.org\/ca\/wp-json\/wp\/v2\/posts"}],"about":[{"href":"https:\/\/www.icaib.org\/ca\/wp-json\/wp\/v2\/types\/post"}],"author":[{"embeddable":true,"href":"https:\/\/www.icaib.org\/ca\/wp-json\/wp\/v2\/users\/1"}],"replies":[{"embeddable":true,"href":"https:\/\/www.icaib.org\/ca\/wp-json\/wp\/v2\/comments?post=21034"}],"version-history":[{"count":0,"href":"https:\/\/www.icaib.org\/ca\/wp-json\/wp\/v2\/posts\/21034\/revisions"}],"wp:attachment":[{"href":"https:\/\/www.icaib.org\/ca\/wp-json\/wp\/v2\/media?parent=21034"}],"wp:term":[{"taxonomy":"category","embeddable":true,"href":"https:\/\/www.icaib.org\/ca\/wp-json\/wp\/v2\/categories?post=21034"},{"taxonomy":"post_tag","embeddable":true,"href":"https:\/\/www.icaib.org\/ca\/wp-json\/wp\/v2\/tags?post=21034"}],"curies":[{"name":"wp","href":"https:\/\/api.w.org\/{rel}","templated":true}]}}