{"id":210731,"date":"2023-03-20T11:37:17","date_gmt":"2023-03-20T10:37:17","guid":{"rendered":"https:\/\/www.icaib.org\/?p=210731"},"modified":"2023-04-11T11:06:10","modified_gmt":"2023-04-11T09:06:10","slug":"concurs-de-fotografia-de-licaib-40-anys-de-lestatut-dautonomia-de-les-illes-balears-singularitat-de-les-nostres-illes","status":"publish","type":"post","link":"https:\/\/www.icaib.org\/ca\/concurs-de-fotografia-de-licaib-40-anys-de-lestatut-dautonomia-de-les-illes-balears-singularitat-de-les-nostres-illes\/","title":{"rendered":"Concurs de fotografia de l&#8217;ICAIB: 40 anys de l&#8217;Estatut d&#8217;Autonomia de les Illes Balears. Singularitat de les nostres illes\u201d Darrers dies!"},"content":{"rendered":"<p>Amb motiu del 40\u00e8 aniversari, enguany, de l&#8217;Estatut d&#8217;Autonomia de les Illes Balears, la Comissi\u00f3 d&#8217;Oci i Cultura de l&#8217;ICAIB convoca un concurs de fotografia en el qual podran participar els col\u00b7legiats de l&#8217;ICAIB, els seus familiars directes (fills, c\u00f2njuges\/parelles de fet inscrites i ascendents), aix\u00ed com els treballadors del Col\u00b7legi.<\/p>\n<p>Cada concursant podr\u00e0 presentar fins a tres imatges, seguint les caracter\u00edstiques especificades a les bases i relacionades amb la tem\u00e0tica referida al t\u00edtol de la convocat\u00f2ria. El termini de presentaci\u00f3 (al correu <a href=\"mailto:secretaria@icaib.org\" target=\"_blank\" rel=\"noopener\">secretaria@icaib.org<\/a>) finalitza el dia 12 dabril.<\/p>\n<p>La convocat\u00f2ria preveu tres premis: un primer premi de 500 euros; un segon premi que consistir\u00e0 al lliurament d\u00b4una s\u00e8rie gran d\u00b4articles col\u00b7legials; i un tercer consistent en s\u00e8rie d&#8217;articles col\u00b7legials.<\/p>\n<a href='https:\/\/www.icaib.org\/wp-content\/uploads\/2023\/03\/2023-BASES-CONCURSO-FOTO.pdf' target='_blank'>\n                <i class='fas fa-link'><\/i> \n                <strong>Bases<\/strong>\n            <\/a><br\/>\n","protected":false},"excerpt":{"rendered":"<p>Amb motiu del 40\u00e8 aniversari, enguany, de l&#8217;Estatut d&#8217;Autonomia de  [&#8230;]<\/p>\n","protected":false},"author":1,"featured_media":210729,"comment_status":"closed","ping_status":"closed","sticky":false,"template":"","format":"standard","meta":{"footnotes":""},"categories":[33],"tags":[],"class_list":["post-210731","post","type-post","status-publish","format-standard","has-post-thumbnail","hentry","category-noticies-icaib"],"_links":{"self":[{"href":"https:\/\/www.icaib.org\/ca\/wp-json\/wp\/v2\/posts\/210731","targetHints":{"allow":["GET"]}}],"collection":[{"href":"https:\/\/www.icaib.org\/ca\/wp-json\/wp\/v2\/posts"}],"about":[{"href":"https:\/\/www.icaib.org\/ca\/wp-json\/wp\/v2\/types\/post"}],"author":[{"embeddable":true,"href":"https:\/\/www.icaib.org\/ca\/wp-json\/wp\/v2\/users\/1"}],"replies":[{"embeddable":true,"href":"https:\/\/www.icaib.org\/ca\/wp-json\/wp\/v2\/comments?post=210731"}],"version-history":[{"count":0,"href":"https:\/\/www.icaib.org\/ca\/wp-json\/wp\/v2\/posts\/210731\/revisions"}],"wp:featuredmedia":[{"embeddable":true,"href":"https:\/\/www.icaib.org\/ca\/wp-json\/wp\/v2\/media\/210729"}],"wp:attachment":[{"href":"https:\/\/www.icaib.org\/ca\/wp-json\/wp\/v2\/media?parent=210731"}],"wp:term":[{"taxonomy":"category","embeddable":true,"href":"https:\/\/www.icaib.org\/ca\/wp-json\/wp\/v2\/categories?post=210731"},{"taxonomy":"post_tag","embeddable":true,"href":"https:\/\/www.icaib.org\/ca\/wp-json\/wp\/v2\/tags?post=210731"}],"curies":[{"name":"wp","href":"https:\/\/api.w.org\/{rel}","templated":true}]}}