{"id":212356,"date":"2023-03-31T12:59:35","date_gmt":"2023-03-31T10:59:35","guid":{"rendered":"https:\/\/www.icaib.org\/?p=212356"},"modified":"2023-03-31T12:59:35","modified_gmt":"2023-03-31T10:59:35","slug":"nova-convocatoria-de-vaga-a-ladministracio-de-justicia-ara-els-funcionaris","status":"publish","type":"post","link":"https:\/\/www.icaib.org\/ca\/nova-convocatoria-de-vaga-a-ladministracio-de-justicia-ara-els-funcionaris\/","title":{"rendered":"Nova convocat\u00f2ria de vaga a l&#8217;Administraci\u00f3 de Just\u00edcia. Ara, els funcionaris"},"content":{"rendered":"<p>Despr\u00e9s de la desconvocat\u00f2ria de la protesta de m\u00e9s de dos mesos duta a terme pels lletrats de l&#8217;Administraci\u00f3 de Just\u00edcia, ara els sindicats CSIF, STAJ, CCOO, UGT i CIG han convocat vaga indefinida per als funcionaris dels Cossos Generals i Especials del Ministeri de Just\u00edcia. Segons el comunicat conjunt d&#8217;aquestes organitzacions, la primera jornada de vaga comen\u00e7ar\u00e0 el dilluns 17 d&#8217;abril amb aturades parcials de 10.00 a 13.00 hores cada dia de manera indefinida, llevat del dia 19 d&#8217;abril, quan l&#8217;atur s&#8217;ha convocat durant tota la jornada.<\/p>\n","protected":false},"excerpt":{"rendered":"<p>Despr\u00e9s de la desconvocat\u00f2ria de la protesta de m\u00e9s de  [&#8230;]<\/p>\n","protected":false},"author":1,"featured_media":0,"comment_status":"closed","ping_status":"closed","sticky":false,"template":"","format":"standard","meta":{"footnotes":""},"categories":[33],"tags":[],"class_list":["post-212356","post","type-post","status-publish","format-standard","hentry","category-noticies-icaib"],"_links":{"self":[{"href":"https:\/\/www.icaib.org\/ca\/wp-json\/wp\/v2\/posts\/212356","targetHints":{"allow":["GET"]}}],"collection":[{"href":"https:\/\/www.icaib.org\/ca\/wp-json\/wp\/v2\/posts"}],"about":[{"href":"https:\/\/www.icaib.org\/ca\/wp-json\/wp\/v2\/types\/post"}],"author":[{"embeddable":true,"href":"https:\/\/www.icaib.org\/ca\/wp-json\/wp\/v2\/users\/1"}],"replies":[{"embeddable":true,"href":"https:\/\/www.icaib.org\/ca\/wp-json\/wp\/v2\/comments?post=212356"}],"version-history":[{"count":0,"href":"https:\/\/www.icaib.org\/ca\/wp-json\/wp\/v2\/posts\/212356\/revisions"}],"wp:attachment":[{"href":"https:\/\/www.icaib.org\/ca\/wp-json\/wp\/v2\/media?parent=212356"}],"wp:term":[{"taxonomy":"category","embeddable":true,"href":"https:\/\/www.icaib.org\/ca\/wp-json\/wp\/v2\/categories?post=212356"},{"taxonomy":"post_tag","embeddable":true,"href":"https:\/\/www.icaib.org\/ca\/wp-json\/wp\/v2\/tags?post=212356"}],"curies":[{"name":"wp","href":"https:\/\/api.w.org\/{rel}","templated":true}]}}