{"id":213239,"date":"2023-04-05T13:55:10","date_gmt":"2023-04-05T11:55:10","guid":{"rendered":"https:\/\/www.icaib.org\/?p=213239"},"modified":"2023-05-23T12:17:46","modified_gmt":"2023-05-23T10:17:46","slug":"licaib-recolza-la-concentracio-reivindicativa-convocada-a-madrid-per-15-associacions-dadvocats","status":"publish","type":"post","link":"https:\/\/www.icaib.org\/ca\/licaib-recolza-la-concentracio-reivindicativa-convocada-a-madrid-per-15-associacions-dadvocats\/","title":{"rendered":"L\u2019ICAIB recolza la concentraci\u00f3 reivindicativa convocada a Madrid per 15 associacions d&#8217;advocats"},"content":{"rendered":"<p>La Junta de Govern de l&#8217;ICAIB manifesta el seu suport i se suma a la concentraci\u00f3 reivindicativa convocada per una plataforma de 15 associacions de lletrats en defensa de diferents millores per a la professi\u00f3 i el torn d&#8217;ofici i que tindr\u00e0 lloc el dia 27 d&#8217;abril, a les 12.00 hores, davant la seu del Congr\u00e9s dels Diputats, a Madrid.<\/p>\n<p>El suport de la Junta s&#8217;explica en la coincid\u00e8ncia pr\u00e0cticament total entre les reivindicacions que, nombroses vegades, han formulat l&#8217;ICAIB i l&#8217;advocacia institucional i les incloses en el manifest redactat per les quinze associacions.<\/p>\n<p>Aix\u00ed, hi ha plena coincid\u00e8ncia, entre unes altres demandes, en la necessitat, no nom\u00e9s de remunerar dignament els advocats que presten els serveis d&#8217;assist\u00e8ncia jur\u00eddica gratu\u00efta, sin\u00f3 tamb\u00e9 d&#8217;incloure en barem totes i cadascuna de les diferents actuacions lletrades que requereixi la designaci\u00f3 per a la defensa dels justiciables, fins i tot en el cas que no obtinguin el benefici de la just\u00edcia gratu\u00efta o que s&#8217;arxivi l&#8217;expedient.<\/p>\n<p>L&#8217;ICAIB tamb\u00e9 comparteix la reivindicaci\u00f3 que s&#8217;abonin les designacions per a la defensa de persones jur\u00eddiques; la petici\u00f3 que, a l&#8217;hora de valorar el dret a l&#8217;assist\u00e8ncia jur\u00eddica gratu\u00efta, es prengui com a refer\u00e8ncia el Salari M\u00ednim Interprofessional en comptes de l&#8217;IPREM, cosa que permetria que m\u00e9s persones pogu\u00e8ssin accedir a aquest servei; i l&#8217;exig\u00e8ncia de puntualitat als pagaments mensuals.<\/p>\n<p>En la mateixa l\u00ednia se situa tamb\u00e9 la reclamaci\u00f3 formulada en reiterades ocasions pel Consell General de l&#8217;Advocacia per tal que es duguin a terme totes les mesures normatives que siguin necess\u00e0ries per garantir el dret a la conciliaci\u00f3 dels advocats i les advocades, aix\u00ed com per a que s&#8217;inclogui, a les lleis processals, com a causa de suspensi\u00f3 dels procediments i actes processals, la malaltia o accident dels professionals de l&#8217;advocacia.<\/p>\n<p>Per tots aquests motius, i sempre que l&#8217;agenda professional i col\u00b7legial ho permeti, el deg\u00e0 i alguns membres de la Junta de Govern aniran a la concentraci\u00f3 del dia 27 d&#8217;abril i\/o a aquelles que, eventualment, poguessin convocar-se a les Illes.<\/p>\n<a href='https:\/\/www.icaib.org\/wp-content\/uploads\/2023\/04\/CONVOCATORIA-CONCENTRACIO-27-ABRIL-PALMA-1.pdf' target='_blank'>\n                <i class='fas fa-link'><\/i> \n                <strong>Convocatoria ATOIB<\/strong>\n            <\/a><br\/>\n","protected":false},"excerpt":{"rendered":"<p>La Junta de Govern de l&#8217;ICAIB manifesta el seu suport  [&#8230;]<\/p>\n","protected":false},"author":1,"featured_media":0,"comment_status":"closed","ping_status":"closed","sticky":false,"template":"","format":"standard","meta":{"footnotes":""},"categories":[33],"tags":[],"class_list":["post-213239","post","type-post","status-publish","format-standard","hentry","category-noticies-icaib"],"_links":{"self":[{"href":"https:\/\/www.icaib.org\/ca\/wp-json\/wp\/v2\/posts\/213239","targetHints":{"allow":["GET"]}}],"collection":[{"href":"https:\/\/www.icaib.org\/ca\/wp-json\/wp\/v2\/posts"}],"about":[{"href":"https:\/\/www.icaib.org\/ca\/wp-json\/wp\/v2\/types\/post"}],"author":[{"embeddable":true,"href":"https:\/\/www.icaib.org\/ca\/wp-json\/wp\/v2\/users\/1"}],"replies":[{"embeddable":true,"href":"https:\/\/www.icaib.org\/ca\/wp-json\/wp\/v2\/comments?post=213239"}],"version-history":[{"count":0,"href":"https:\/\/www.icaib.org\/ca\/wp-json\/wp\/v2\/posts\/213239\/revisions"}],"wp:attachment":[{"href":"https:\/\/www.icaib.org\/ca\/wp-json\/wp\/v2\/media?parent=213239"}],"wp:term":[{"taxonomy":"category","embeddable":true,"href":"https:\/\/www.icaib.org\/ca\/wp-json\/wp\/v2\/categories?post=213239"},{"taxonomy":"post_tag","embeddable":true,"href":"https:\/\/www.icaib.org\/ca\/wp-json\/wp\/v2\/tags?post=213239"}],"curies":[{"name":"wp","href":"https:\/\/api.w.org\/{rel}","templated":true}]}}