{"id":214630,"date":"2023-04-24T08:42:10","date_gmt":"2023-04-24T06:42:10","guid":{"rendered":"https:\/\/www.icaib.org\/?p=214630"},"modified":"2023-04-24T08:42:10","modified_gmt":"2023-04-24T06:42:10","slug":"oferta-per-adquirir-el-llibre-la-determinacion-y-el-calculo-de-la-pena-en-el-codigo-penal-3a-edicio-valida-fins-al-26-de-maig","status":"publish","type":"post","link":"https:\/\/www.icaib.org\/ca\/oferta-per-adquirir-el-llibre-la-determinacion-y-el-calculo-de-la-pena-en-el-codigo-penal-3a-edicio-valida-fins-al-26-de-maig\/","title":{"rendered":"Oferta per adquirir el llibre \u201cLa determinaci\u00f3n y el c\u00e1lculo de la pena en el C\u00f3digo Penal\u201d (3\u00aa edici\u00f3). V\u00e0lida fins al 26 de maig"},"content":{"rendered":"<p>L&#8217;editorial La Ley ofereix als col\u00b7legiats de l&#8217;ICAIB la possibilitat de comprar en condicions especials la tercera edici\u00f3 del llibre \u201cLa determinaci\u00f3n y el c\u00e1lculo de la pena en el C\u00f3digo Penal\u201d, una publicaci\u00f3 que guia els professionals en les fases que deu seguir i en l\u2019ordre exacte per determinar les penes previstes en el Codi Penal per a cada delicte. El llibre inclou, a m\u00e9s, un ampli inventari de quadres i taules que resulten extremadament \u00fatils amb aquesta finalitat.<\/p>\n<p>En concret, l&#8217;editorial ofereix un descompte del 25 per cent per als que optin per la versi\u00f3 de l&#8217;obra en paper, que quedar\u00e0 en 39 euros, IVA incl\u00f2s, i del 30 per cent si s&#8217;opta per la versi\u00f3 digital (30,57 IVA incl\u00f2s).<\/p>\n<p>Els col\u00b7legiats que estiguin interessats a reservar l&#8217;obra poden posar-se directament en contacte amb la senyora Ver\u00f3nica Lois, o b\u00e9 a l&#8217;adre\u00e7a de correu electr\u00f2nic veronica.lois@aranzadilaley.es o b\u00e9 al tel\u00e8fon 628015598.<\/p>\n<p>L&#8217;oferta \u00e9s v\u00e0lida fins al 26 de maig. En el cas del llibre en paper, el lliurament es far\u00e0 al domicili indicat per la persona interessada abans del 16 de juny.<\/p>\n<p><a href='https:\/\/www.icaib.org\/wp-content\/uploads\/2023\/04\/Indice-La-determinacion-y-el-calculo-de-la-pena-en-el-Codigo-Penal-3Ed.pdf' target='_blank'>\n                <i class='fas fa-link'><\/i> \n                <strong>Indice<\/strong>\n            <\/a><br\/><br \/>\n<a href='https:\/\/www.icaib.org\/wp-content\/uploads\/2023\/04\/Extracto-La-determinacion-y-el-calculo-de-la-pena-en-el-Codigo-Penal-3Ed.pdf' target='_blank'>\n                <i class='fas fa-link'><\/i> \n                <strong>Extracto<\/strong>\n            <\/a><br\/><\/p>\n","protected":false},"excerpt":{"rendered":"<p>L&#8217;editorial La Ley ofereix als col\u00b7legiats de l&#8217;ICAIB la possibilitat  [&#8230;]<\/p>\n","protected":false},"author":1,"featured_media":214628,"comment_status":"closed","ping_status":"closed","sticky":false,"template":"","format":"standard","meta":{"footnotes":""},"categories":[57],"tags":[],"class_list":["post-214630","post","type-post","status-publish","format-standard","has-post-thumbnail","hentry","category-ofertes-especials"],"_links":{"self":[{"href":"https:\/\/www.icaib.org\/ca\/wp-json\/wp\/v2\/posts\/214630","targetHints":{"allow":["GET"]}}],"collection":[{"href":"https:\/\/www.icaib.org\/ca\/wp-json\/wp\/v2\/posts"}],"about":[{"href":"https:\/\/www.icaib.org\/ca\/wp-json\/wp\/v2\/types\/post"}],"author":[{"embeddable":true,"href":"https:\/\/www.icaib.org\/ca\/wp-json\/wp\/v2\/users\/1"}],"replies":[{"embeddable":true,"href":"https:\/\/www.icaib.org\/ca\/wp-json\/wp\/v2\/comments?post=214630"}],"version-history":[{"count":0,"href":"https:\/\/www.icaib.org\/ca\/wp-json\/wp\/v2\/posts\/214630\/revisions"}],"wp:featuredmedia":[{"embeddable":true,"href":"https:\/\/www.icaib.org\/ca\/wp-json\/wp\/v2\/media\/214628"}],"wp:attachment":[{"href":"https:\/\/www.icaib.org\/ca\/wp-json\/wp\/v2\/media?parent=214630"}],"wp:term":[{"taxonomy":"category","embeddable":true,"href":"https:\/\/www.icaib.org\/ca\/wp-json\/wp\/v2\/categories?post=214630"},{"taxonomy":"post_tag","embeddable":true,"href":"https:\/\/www.icaib.org\/ca\/wp-json\/wp\/v2\/tags?post=214630"}],"curies":[{"name":"wp","href":"https:\/\/api.w.org\/{rel}","templated":true}]}}