{"id":215466,"date":"2023-05-02T11:15:00","date_gmt":"2023-05-02T09:15:00","guid":{"rendered":"https:\/\/www.icaib.org\/?p=215466"},"modified":"2024-02-16T09:08:44","modified_gmt":"2024-02-16T08:08:44","slug":"les-instal%c2%b7lacions-de-biblioteca-i-de-sales-per-a-reunions-de-les-seus-sobriran-algunes-tardes","status":"publish","type":"post","link":"https:\/\/www.icaib.org\/ca\/les-instal%c2%b7lacions-de-biblioteca-i-de-sales-per-a-reunions-de-les-seus-sobriran-algunes-tardes\/","title":{"rendered":"Les instal\u00b7lacions de biblioteca i de sales per a reunions de les seus s&#8217;obriran algunes tardes"},"content":{"rendered":"<div class=\"fusion-fullwidth fullwidth-box fusion-builder-row-1 fusion-flex-container nonhundred-percent-fullwidth non-hundred-percent-height-scrolling\" style=\"--awb-border-radius-top-left:0px;--awb-border-radius-top-right:0px;--awb-border-radius-bottom-right:0px;--awb-border-radius-bottom-left:0px;--awb-flex-wrap:wrap;\" ><div class=\"fusion-builder-row fusion-row fusion-flex-align-items-flex-start fusion-flex-content-wrap\" style=\"max-width:1456px;margin-left: calc(-4% \/ 2 );margin-right: calc(-4% \/ 2 );\"><div class=\"fusion-layout-column fusion_builder_column fusion-builder-column-0 fusion_builder_column_1_1 1_1 fusion-flex-column\" style=\"--awb-bg-size:cover;--awb-width-large:100%;--awb-margin-top-large:0px;--awb-spacing-right-large:1.92%;--awb-margin-bottom-large:0px;--awb-spacing-left-large:1.92%;--awb-width-medium:100%;--awb-spacing-right-medium:1.92%;--awb-spacing-left-medium:1.92%;--awb-width-small:100%;--awb-spacing-right-small:1.92%;--awb-spacing-left-small:1.92%;\"><div class=\"fusion-column-wrapper fusion-flex-justify-content-flex-start fusion-content-layout-column\"><div class=\"fusion-text fusion-text-1\"><p>S&#8217;informa que a partir del dia 2 de maig de 2023, i llevat del mes d&#8217;agost, les instal\u00b7lacions de biblioteca i les sales per a reunions dels advocats amb els seus clients, romandran oberts tamb\u00e9 a l\u2019horabaixa, a totes les seus, els dies seg\u00fcents:<\/p>\n<p>Seu de Palma: de dilluns a dijous, de 16.00 a 18.00 hores.<\/p>\n<p>Seu d&#8217;Eivissa: dilluns i dimecres, de 16.00 a 18.00 hores.<\/p>\n<p>Seu de Menorca: dimarts i dijous, de les 16.00 a les 18.00 hores.<\/p>\n<p>Seus d&#8217;Inca i Manacor: els dimecres de 16.00 a 18.00 hores.<\/p>\n<p>Recordem que l\u2019\u00fas de sales i despatxos per a reunions requereix reserva pr\u00e8via en alg\u00fa d\u2019aquets correus: andrea.torrens@icaib.org (seu Palma); manacor<span style=\"color: var(--awb-text-color); font-family: var(--awb-text-font-family); font-size: var(--awb-font-size); font-style: var(--awb-text-font-style); font-weight: var(--awb-text-font-weight); letter-spacing: var(--awb-letter-spacing); text-transform: var(--awb-text-transform); background-color: var(--awb-bg-color);\">@icaib.org (Manacor); magdalena.pieras@icaib.org (Inca); i menorca@icaib.org i eivissa@icaib.org per a, respectivament, les seus de Menorca e Ibiza.<\/span><\/p>\n<\/div><\/div><\/div><\/div><\/div>\n","protected":false},"excerpt":{"rendered":"","protected":false},"author":1,"featured_media":0,"comment_status":"closed","ping_status":"closed","sticky":false,"template":"","format":"standard","meta":{"footnotes":""},"categories":[33],"tags":[],"class_list":["post-215466","post","type-post","status-publish","format-standard","hentry","category-noticies-icaib"],"_links":{"self":[{"href":"https:\/\/www.icaib.org\/ca\/wp-json\/wp\/v2\/posts\/215466","targetHints":{"allow":["GET"]}}],"collection":[{"href":"https:\/\/www.icaib.org\/ca\/wp-json\/wp\/v2\/posts"}],"about":[{"href":"https:\/\/www.icaib.org\/ca\/wp-json\/wp\/v2\/types\/post"}],"author":[{"embeddable":true,"href":"https:\/\/www.icaib.org\/ca\/wp-json\/wp\/v2\/users\/1"}],"replies":[{"embeddable":true,"href":"https:\/\/www.icaib.org\/ca\/wp-json\/wp\/v2\/comments?post=215466"}],"version-history":[{"count":0,"href":"https:\/\/www.icaib.org\/ca\/wp-json\/wp\/v2\/posts\/215466\/revisions"}],"wp:attachment":[{"href":"https:\/\/www.icaib.org\/ca\/wp-json\/wp\/v2\/media?parent=215466"}],"wp:term":[{"taxonomy":"category","embeddable":true,"href":"https:\/\/www.icaib.org\/ca\/wp-json\/wp\/v2\/categories?post=215466"},{"taxonomy":"post_tag","embeddable":true,"href":"https:\/\/www.icaib.org\/ca\/wp-json\/wp\/v2\/tags?post=215466"}],"curies":[{"name":"wp","href":"https:\/\/api.w.org\/{rel}","templated":true}]}}