{"id":21590,"date":"2017-03-29T10:34:36","date_gmt":"2017-03-29T08:34:36","guid":{"rendered":"https:\/\/www.icaib.org\/?p=21590\/"},"modified":"2017-07-25T12:59:56","modified_gmt":"2017-07-25T10:59:56","slug":"icaib-insta-a-millorar-la-situacio-en-el-torn-dofici-de-violencia-de-genere-en-el-partit-judicial-de-ciutadella","status":"publish","type":"post","link":"https:\/\/www.icaib.org\/ca\/icaib-insta-a-millorar-la-situacio-en-el-torn-dofici-de-violencia-de-genere-en-el-partit-judicial-de-ciutadella\/","title":{"rendered":"ICAIB insta a millorar la situaci\u00f3 en el Torn d&#8217;Ofici de Viol\u00e8ncia de G\u00e8nere en el partit judicial de Ciutadella"},"content":{"rendered":"<p>Informem als col\u00b7legiats que el Consell General de l&#8217;Advocacia Espanyola ha donat trasllat al ministeri de Just\u00edcia de la petici\u00f3 que a finals de l\u2019any 2016 li va formular l&#8217;ICAIB en relaci\u00f3 a la necessitat de millorar la situaci\u00f3 dels lletrats inscrits en el Torn d&#8217;Ofici de viol\u00e8ncia de G\u00e8nere del partit judicial de Ciutadella.<\/p>\n<p>En el seu escrit a la Comissi\u00f3 d&#8217;Assist\u00e8ncia Jur\u00eddica Gratu\u00efta del CGAE l\u2019ICAIB explicava la situaci\u00f3 excepcional en la qual es troben aquests professionals que, donat el seu esc\u00e0s nombre, es veuen obligats a romandre una setmana seguida de gu\u00e0rdia, amb les conseg\u00fcents dificultats per compatibilitzar la disponibilitat permanent que exigeix la gu\u00e0rdia amb les seves altres obligacions professionals i \/ o personals, motiu pel qual l&#8217;ICAIB instava que, com a m\u00ednim, es contempli la possibilitat d&#8217;establir una compensaci\u00f3 econ\u00f2mica per aquest servei de gu\u00e0rdia a aquests lletrats.<\/p>\n<p>D&#8217;aquesta manera s&#8217;aconseguiria, d&#8217;una banda, una millora de l&#8217;esmentada situaci\u00f3 i, de l&#8217;altra, disminuiria el risc que el servei del Torn d&#8217;Ofici de Viol\u00e8ncia de G\u00e8nere a Ciutadella sumi noves baixes, la qual cosa comprometria seriosament la pr\u00f2pia continu\u00eftat del servei.<\/p>\n<p>Una vegada que es conegui la resposta del ministeri a aquesta petici\u00f3, s&#8217;informar\u00e0 per circular.<\/p>\n","protected":false},"excerpt":{"rendered":"<p>Informem als col\u00b7legiats que el Consell General de l&#8217;Advocacia Espanyola  [&#8230;]<\/p>\n","protected":false},"author":1,"featured_media":0,"comment_status":"closed","ping_status":"closed","sticky":false,"template":"","format":"standard","meta":{"footnotes":""},"categories":[43],"tags":[],"class_list":["post-21590","post","type-post","status-publish","format-standard","hentry","category-noticies-torn-ofici"],"_links":{"self":[{"href":"https:\/\/www.icaib.org\/ca\/wp-json\/wp\/v2\/posts\/21590","targetHints":{"allow":["GET"]}}],"collection":[{"href":"https:\/\/www.icaib.org\/ca\/wp-json\/wp\/v2\/posts"}],"about":[{"href":"https:\/\/www.icaib.org\/ca\/wp-json\/wp\/v2\/types\/post"}],"author":[{"embeddable":true,"href":"https:\/\/www.icaib.org\/ca\/wp-json\/wp\/v2\/users\/1"}],"replies":[{"embeddable":true,"href":"https:\/\/www.icaib.org\/ca\/wp-json\/wp\/v2\/comments?post=21590"}],"version-history":[{"count":0,"href":"https:\/\/www.icaib.org\/ca\/wp-json\/wp\/v2\/posts\/21590\/revisions"}],"wp:attachment":[{"href":"https:\/\/www.icaib.org\/ca\/wp-json\/wp\/v2\/media?parent=21590"}],"wp:term":[{"taxonomy":"category","embeddable":true,"href":"https:\/\/www.icaib.org\/ca\/wp-json\/wp\/v2\/categories?post=21590"},{"taxonomy":"post_tag","embeddable":true,"href":"https:\/\/www.icaib.org\/ca\/wp-json\/wp\/v2\/tags?post=21590"}],"curies":[{"name":"wp","href":"https:\/\/api.w.org\/{rel}","templated":true}]}}