{"id":217264,"date":"2023-05-19T08:04:47","date_gmt":"2023-05-19T06:04:47","guid":{"rendered":"https:\/\/www.icaib.org\/?p=217264"},"modified":"2023-05-19T09:44:59","modified_gmt":"2023-05-19T07:44:59","slug":"operadors-juridics-deivissa-inca-manacor-i-menorca-podran-accedir-al-visor-de-lexpedient-judicial-electronic-des-del-26-de-maig","status":"publish","type":"post","link":"https:\/\/www.icaib.org\/ca\/operadors-juridics-deivissa-inca-manacor-i-menorca-podran-accedir-al-visor-de-lexpedient-judicial-electronic-des-del-26-de-maig\/","title":{"rendered":"Operadors jur\u00eddics d\u2019Eivissa, Inca, Manacor i Menorca podran accedir al visor de l\u2019expedient judicial electr\u00f2nic des del 26 de maig"},"content":{"rendered":"<p>La Direcci\u00f3 General de Transformaci\u00f3 Digital comunica que, a partir del 26 de maig del 2023, els advocats i altres agents de l&#8217;Administraci\u00f3 de Just\u00edcia (procuradors, serveis jur\u00eddics de la Seguretat Social, membres del Consorci de Compensaci\u00f3 d&#8217;Assegurances, etc.) que siguin part en procediments oberts als jutjats i tribunals dels partits judicials dEivissa, Inca, Manacor i Menorca podran accedir, a trav\u00e9s de la seu judicial electr\u00f2nica del Ministeri, al \u201cVisor de l&#8217;Expedient judicial Electr\u00f2nic\u201d. Es tracta d&#8217;una eina que permet a l&#8217;usuari con\u00e8ixer l&#8217;estat del procediment en temps real, aix\u00ed com consultar els documents i\/o les vistes judicials que formen part del procediment consultat.<\/p>\n<p>En concret, s&#8217;informa des d\u2019aquesta direcci\u00f3 general, la informaci\u00f3 que podran visualitzar els interessats \u00e9s:<\/p>\n<p>&#8211; Les notificacions amb justificant positiu i els escrits d\u2019entrada emplenats en el procediment.<\/p>\n<p>\u2013 Els expedients administratius associats.<\/p>\n<p>&#8211; Els v\u00eddeos signats, quan existeixin en el procediment per consultar.<\/p>\n<p>&#8211; La resta de l\u2019expedient judicial electr\u00f2nic amb l\u2019\u00edndex i els elements associats, quan el procediment estigui consolidat i signat per l\u2019\u00f2rgan judicial.<\/p>\n<p>Les persones interessades poden obtenir m\u00e9s informaci\u00f3 als seg\u00fcents enlla\u00e7os:<\/p>\n<p><a href=\"https:\/\/sedejudicial.justicia.es\/documents\/20142\/22504772\/Tr%C3%ADptico+-+Acceso+de+Profesionales+al+Expediente+Judicial+Electr%C3%B3nico.pdf\/a4eff099-2de4-8ff3-a691-e257e02c809a?t=1681391792003\" rel=\"noopener\" target=\"_blank\">https:\/\/sedejudicial.justicia.es\/documents\/20142\/22504772\/Tr%C3%ADptico+-+Acceso+de+Profesionales+al+Expediente+Judicial+Electr%C3%B3nico.pdf\/a4eff099-2de4-8ff3-a691-e257e02c809a?t=1681391792003<\/a> (Tr\u00edptic)<\/p>\n<p><a href=\"https:\/\/youtu.be\/rbfI5dR9q4Q\" rel=\"noopener\" target=\"_blank\">https:\/\/youtu.be\/rbfI5dR9q4Q<\/a> (Video promocional)<\/p>\n<p><a href=\"https:\/\/youtu.be\/2MjYbnbEA-4\" rel=\"noopener\" target=\"_blank\">https:\/\/youtu.be\/2MjYbnbEA-4<\/a> (Video formatiu)<\/p>\n<a href='https:\/\/www.icaib.org\/wp-content\/uploads\/2023\/05\/Triptico-Acceso-de-Profesionales-al-Expediente-Judicial-Electronico-1.pdf' target='_blank'>\n                <i class='fas fa-link'><\/i> \n                <strong>Tr\u00edptico - Acceso de Profesionales al Expediente Judicial Electr\u00f3nico (1)<\/strong>\n            <\/a><br\/>\n","protected":false},"excerpt":{"rendered":"<p>La Direcci\u00f3 General de Transformaci\u00f3 Digital comunica que, a partir  [&#8230;]<\/p>\n","protected":false},"author":1,"featured_media":0,"comment_status":"closed","ping_status":"closed","sticky":false,"template":"","format":"standard","meta":{"footnotes":""},"categories":[33],"tags":[],"class_list":["post-217264","post","type-post","status-publish","format-standard","hentry","category-noticies-icaib"],"_links":{"self":[{"href":"https:\/\/www.icaib.org\/ca\/wp-json\/wp\/v2\/posts\/217264","targetHints":{"allow":["GET"]}}],"collection":[{"href":"https:\/\/www.icaib.org\/ca\/wp-json\/wp\/v2\/posts"}],"about":[{"href":"https:\/\/www.icaib.org\/ca\/wp-json\/wp\/v2\/types\/post"}],"author":[{"embeddable":true,"href":"https:\/\/www.icaib.org\/ca\/wp-json\/wp\/v2\/users\/1"}],"replies":[{"embeddable":true,"href":"https:\/\/www.icaib.org\/ca\/wp-json\/wp\/v2\/comments?post=217264"}],"version-history":[{"count":0,"href":"https:\/\/www.icaib.org\/ca\/wp-json\/wp\/v2\/posts\/217264\/revisions"}],"wp:attachment":[{"href":"https:\/\/www.icaib.org\/ca\/wp-json\/wp\/v2\/media?parent=217264"}],"wp:term":[{"taxonomy":"category","embeddable":true,"href":"https:\/\/www.icaib.org\/ca\/wp-json\/wp\/v2\/categories?post=217264"},{"taxonomy":"post_tag","embeddable":true,"href":"https:\/\/www.icaib.org\/ca\/wp-json\/wp\/v2\/tags?post=217264"}],"curies":[{"name":"wp","href":"https:\/\/api.w.org\/{rel}","templated":true}]}}