{"id":220708,"date":"2023-06-28T14:33:52","date_gmt":"2023-06-28T12:33:52","guid":{"rendered":"https:\/\/www.icaib.org\/?p=220708"},"modified":"2023-07-03T09:27:33","modified_gmt":"2023-07-03T07:27:33","slug":"ladvocacia-reclama-justicia-per-al-torn-dofici-i-solucions-urgents-a-la-situacio-critica-de-la-justicia","status":"publish","type":"post","link":"https:\/\/www.icaib.org\/ca\/ladvocacia-reclama-justicia-per-al-torn-dofici-i-solucions-urgents-a-la-situacio-critica-de-la-justicia\/","title":{"rendered":"L&#8217;advocacia reclama Just\u00edcia per al torn d\u2019ofici i solucions urgents a la situaci\u00f3 cr\u00edtica de la Just\u00edcia"},"content":{"rendered":"<p>Advocats i advocades d&#8217;Eivissa, Mallorca i Menorca s\u2019han concentrat en data 28 de juny davant de les seus de diferents jutjats de les illes per denunciar p\u00fablicament la situaci\u00f3 \u201ccr\u00edtica\u201d en qu\u00e8 es troba la Just\u00edcia, un servei que est\u00e0 \u201ca punt del col\u00b7lapse per efecte, d&#8217;un d\u00e8ficit hist\u00f2ric i estructural d&#8217;inversi\u00f3 en recursos humans i materials\u201d i que s&#8217;ha vist agreujat per les vagues que succeeixen des de fa cinc mesos. Aix\u00ed mateix, han reclamat que &#8220;d&#8217;una vegada per totes&#8221; es faci Just\u00edcia amb els professionals adscrits al torn d&#8217;ofici i atenguin les seves reivindicacions\u201d.<\/p>\n<p>En el manifest llegit en les concentracions, que es feren davant dels jutjats de Via Alemanya, dels de Ma\u00f3 i dels jutjats penals d&#8217;Eivissa, els professionals assistents lamentaren la \u201cinacci\u00f3 de l&#8217;administraci\u00f3 p\u00fablica davant aquest \u201cdeteriorament inassumible\u201d i reclamen dels poders p\u00fablics \u201cun acord que reactivi de manera immediata\u201d el funcionament normal d&#8217;aquest servei p\u00fablic\u201d i mesures urgents per \u201cresoldre els inadmissibles retards acumulats\u201d, una situaci\u00f3 que &#8220;est\u00e0 afectant molt greument molts ciutadans que aspiren que el seu assumpte, per a ells de vital import\u00e0ncia, trobi soluci\u00f3 als tribunals i causant enormes perjudicis als professionals de l&#8217;advocacia&#8221;.<\/p>\n<p><a href='https:\/\/www.icaib.org\/wp-content\/uploads\/2023\/06\/MANIFIESTO-28J-ICAIB.pdf' target='_blank'>\n                <i class='fas fa-link'><\/i> \n                <strong>MANIFEST 28J ICAIB<\/strong>\n            <\/a><br\/><br \/>\n<a title=\"\" href=\"https:\/\/www.flickr.com\/photos\/136121428@N03\" data-flickr-embed=\"true\"><img decoding=\"async\" src=\"https:\/\/live.staticflickr.com\/65535\/53008142050_2640e4a7fa_z.jpg\" alt=\"\" width=\"640\" height=\"480\" \/><\/a><script async src=\"\/\/embedr.flickr.com\/assets\/client-code.js\" charset=\"utf-8\"><\/script><\/p>\n","protected":false},"excerpt":{"rendered":"<p>Advocats i advocades d&#8217;Eivissa, Mallorca i Menorca s\u2019han concentrat en  [&#8230;]<\/p>\n","protected":false},"author":1,"featured_media":221014,"comment_status":"closed","ping_status":"closed","sticky":false,"template":"","format":"standard","meta":{"footnotes":""},"categories":[33],"tags":[],"class_list":["post-220708","post","type-post","status-publish","format-standard","has-post-thumbnail","hentry","category-noticies-icaib"],"_links":{"self":[{"href":"https:\/\/www.icaib.org\/ca\/wp-json\/wp\/v2\/posts\/220708","targetHints":{"allow":["GET"]}}],"collection":[{"href":"https:\/\/www.icaib.org\/ca\/wp-json\/wp\/v2\/posts"}],"about":[{"href":"https:\/\/www.icaib.org\/ca\/wp-json\/wp\/v2\/types\/post"}],"author":[{"embeddable":true,"href":"https:\/\/www.icaib.org\/ca\/wp-json\/wp\/v2\/users\/1"}],"replies":[{"embeddable":true,"href":"https:\/\/www.icaib.org\/ca\/wp-json\/wp\/v2\/comments?post=220708"}],"version-history":[{"count":0,"href":"https:\/\/www.icaib.org\/ca\/wp-json\/wp\/v2\/posts\/220708\/revisions"}],"wp:featuredmedia":[{"embeddable":true,"href":"https:\/\/www.icaib.org\/ca\/wp-json\/wp\/v2\/media\/221014"}],"wp:attachment":[{"href":"https:\/\/www.icaib.org\/ca\/wp-json\/wp\/v2\/media?parent=220708"}],"wp:term":[{"taxonomy":"category","embeddable":true,"href":"https:\/\/www.icaib.org\/ca\/wp-json\/wp\/v2\/categories?post=220708"},{"taxonomy":"post_tag","embeddable":true,"href":"https:\/\/www.icaib.org\/ca\/wp-json\/wp\/v2\/tags?post=220708"}],"curies":[{"name":"wp","href":"https:\/\/api.w.org\/{rel}","templated":true}]}}