{"id":225247,"date":"2023-09-18T10:15:51","date_gmt":"2023-09-18T08:15:51","guid":{"rendered":"https:\/\/www.icaib.org\/?p=225247"},"modified":"2023-09-18T10:15:51","modified_gmt":"2023-09-18T08:15:51","slug":"licaib-exigeix-solucions-urgents-a-la-situacio-actual-de-la-justicia-i-sofereix-al-tsjib-per-fer-front-comu","status":"publish","type":"post","link":"https:\/\/www.icaib.org\/ca\/licaib-exigeix-solucions-urgents-a-la-situacio-actual-de-la-justicia-i-sofereix-al-tsjib-per-fer-front-comu\/","title":{"rendered":"L&#8217;ICAIB exigeix solucions urgents a la situaci\u00f3 actual de la Just\u00edcia i s&#8217;ofereix al TSJIB per fer front com\u00fa"},"content":{"rendered":"<p>El deg\u00e0 de l&#8217;ICAIB ha dirigit un escrit al president del TSJIB, per expressar-li la m\u00e0xima preocupaci\u00f3 de l&#8217;advocacia per la greu situaci\u00f3 en la qual es troba l&#8217;Administraci\u00f3 de Just\u00edcia i els seriosos perjudicis que aquesta est\u00e0 causant \u201cno nom\u00e9s als professionals que, d&#8217;una manera o l\u2019altra, estem al seu servei, sin\u00f3, sobretot, a aquelles persones que confien en la nostra Just\u00edcia la tutela dels seus drets i leg\u00edtims interessos\u201d.<\/p>\n<p>El deg\u00e0 atribueix a la \u201chist\u00f2rica\u201d manca de recursos humans i de mitjans materials que afecta la Just\u00edcia, aix\u00ed com a la paralitzaci\u00f3 de l&#8217;activitat judicial durant tres mesos de pand\u00e8mia i als conflictes laborals que afecten aquest servei des de principis d\u2019enguany, la greu situaci\u00f3 per la qual travessen els jutjats i tribunals, \u201cmolts dels quals \u2013incideix Mart\u00edn Ale\u00f1ar- se situen ja a la vora mateixa de la par\u00e0lisi, com demostra el fet que ja hi ha assenyalaments a m\u00e9s de tres anys vista!\u201d.<\/p>\n<p>La situaci\u00f3, insisteix el deg\u00e0 de l&#8217;advocacia de les Balears, \u00e9s tan greu que requereix actuacions urgents, per la qual cosa, assegura, la Junta de Govern es posa a disposici\u00f3 del TSJIB \u201cper tractar sobre possibles solucions que s&#8217;emmarquin en els nostres \u00e0mbits respectius d&#8217;actuaci\u00f3 i fer front com\u00fa per exigir al Ministeri aquelles altres que escapen a les nostres compet\u00e8ncies\u201d. Tot aix\u00f2, conclou, \u201cper tal d&#8217;avan\u00e7ar a l&#8217;Administraci\u00f3 de Just\u00edcia que mereixem i d&#8217;evitar que la recerca de Just\u00edcia dels ciutadans torni en desemparament\u201d.<\/p>\n","protected":false},"excerpt":{"rendered":"<p>El deg\u00e0 de l&#8217;ICAIB ha dirigit un escrit al president  [&#8230;]<\/p>\n","protected":false},"author":1,"featured_media":0,"comment_status":"closed","ping_status":"closed","sticky":false,"template":"","format":"standard","meta":{"footnotes":""},"categories":[33],"tags":[],"class_list":["post-225247","post","type-post","status-publish","format-standard","hentry","category-noticies-icaib"],"_links":{"self":[{"href":"https:\/\/www.icaib.org\/ca\/wp-json\/wp\/v2\/posts\/225247","targetHints":{"allow":["GET"]}}],"collection":[{"href":"https:\/\/www.icaib.org\/ca\/wp-json\/wp\/v2\/posts"}],"about":[{"href":"https:\/\/www.icaib.org\/ca\/wp-json\/wp\/v2\/types\/post"}],"author":[{"embeddable":true,"href":"https:\/\/www.icaib.org\/ca\/wp-json\/wp\/v2\/users\/1"}],"replies":[{"embeddable":true,"href":"https:\/\/www.icaib.org\/ca\/wp-json\/wp\/v2\/comments?post=225247"}],"version-history":[{"count":0,"href":"https:\/\/www.icaib.org\/ca\/wp-json\/wp\/v2\/posts\/225247\/revisions"}],"wp:attachment":[{"href":"https:\/\/www.icaib.org\/ca\/wp-json\/wp\/v2\/media?parent=225247"}],"wp:term":[{"taxonomy":"category","embeddable":true,"href":"https:\/\/www.icaib.org\/ca\/wp-json\/wp\/v2\/categories?post=225247"},{"taxonomy":"post_tag","embeddable":true,"href":"https:\/\/www.icaib.org\/ca\/wp-json\/wp\/v2\/tags?post=225247"}],"curies":[{"name":"wp","href":"https:\/\/api.w.org\/{rel}","templated":true}]}}