{"id":228026,"date":"2023-10-23T11:00:45","date_gmt":"2023-10-23T09:00:45","guid":{"rendered":"https:\/\/www.icaib.org\/?p=228026"},"modified":"2023-10-23T11:00:45","modified_gmt":"2023-10-23T09:00:45","slug":"convocatoria-per-cobrir-set-places-del-soj-a-mallorca-i-una-datencio-dels-telefons-dincidencies-i-centraleta-de-guardies-termini-de-sol%c2%b7licituds-fins-a-les-14h-del-31-d","status":"publish","type":"post","link":"https:\/\/www.icaib.org\/ca\/convocatoria-per-cobrir-set-places-del-soj-a-mallorca-i-una-datencio-dels-telefons-dincidencies-i-centraleta-de-guardies-termini-de-sol%c2%b7licituds-fins-a-les-14h-del-31-d\/","title":{"rendered":"Convocat\u00f2ria per cobrir set places del SOJ a Mallorca i una d\u2019atenci\u00f3 dels tel\u00e8fons d\u2019incid\u00e8ncies i centraleta de gu\u00e0rdies. Termini de sol\u00b7licituds fins a les 14h del 31 d\u2019octubre"},"content":{"rendered":"<p>Adjuntem al final d\u2019aquestes l\u00ednies les convocat\u00f2ries aprovades per la Junta de Govern per cobrir un total de set places al Servei d\u2019Orientaci\u00f3 Jur\u00eddica i, concretament, cinc al SOJ de Palma, una al d\u2019Inca i una altra al SOJ de Manacor, aix\u00ed com la convocada per cobrir una pla\u00e7a del servei de control dels tel\u00e8fons d\u2019incid\u00e8ncies i de centraleta de gu\u00e0rdies d\u2019ALD en horari no laboral de l\u2019ICAIB.<\/p>\n<p>El servei es prestar\u00e0 en r\u00e8gim d\u2019arrendament de serveis de l\u20191 de gener al 31 de desembre del 2024.<\/p>\n<p>Els col\u00b7legiats que estiguin interessats i que compleixin els requisits especificats a les convocat\u00f2ries, poden presentar la seva sol\u00b7licitud a la secretaria de qualsevol de les seus de l\u2019ICAIB fins a les 14.00 hores del dia 31 d\u2019octubre.<\/p>\n<p><a href=\"https:\/\/www.icaib.org\/wp-content\/uploads\/2023\/10\/CONVOCATORIA-DEL-CONCURSO-PARA-CUBRIR-UNA-PLAZA-DE-CONTROLADOR-DE-LOS-TELEFONOS-DE-INCIDENCIAS-Y-DE-CENTRALITA-DE-GUARDIAS-DE-AL1.docx\">CONVOCAT\u00d2RIA TEL. INCID\u00c8NCIES I CENTRALETA<\/a><br \/>\n<a href=\"https:\/\/www.icaib.org\/wp-content\/uploads\/2023\/10\/CONVOCATORIA-DEL-CONCURSO-PARA-CUBRIR-UNA-PLAZA-EN-MANACOR-Y-UNA-EN-INCA-DEL-SERVICIO-DE-ORIENTACION-JURIDIC1.docx\">CONVOCAT\u00d2RIA SOJ INCA Y MANACOR<\/a><br \/>\n<a href=\"https:\/\/www.icaib.org\/wp-content\/uploads\/2023\/10\/CONVOCATORIA-DEL-CONCURSO-PARA-CUBRIR-CINCO-PLAZAS-EN-PALMA-DEL-SERVICIO-DE-ORIENTACION-JURIDIC1.docx\">CONVOCAT\u00d2RIA SOJ PALMA<\/a><\/p>\n","protected":false},"excerpt":{"rendered":"<p>Adjuntem al final d\u2019aquestes l\u00ednies les convocat\u00f2ries aprovades per la  [&#8230;]<\/p>\n","protected":false},"author":13,"featured_media":0,"comment_status":"closed","ping_status":"closed","sticky":false,"template":"","format":"standard","meta":{"footnotes":""},"categories":[33],"tags":[],"class_list":["post-228026","post","type-post","status-publish","format-standard","hentry","category-noticies-icaib"],"_links":{"self":[{"href":"https:\/\/www.icaib.org\/ca\/wp-json\/wp\/v2\/posts\/228026","targetHints":{"allow":["GET"]}}],"collection":[{"href":"https:\/\/www.icaib.org\/ca\/wp-json\/wp\/v2\/posts"}],"about":[{"href":"https:\/\/www.icaib.org\/ca\/wp-json\/wp\/v2\/types\/post"}],"author":[{"embeddable":true,"href":"https:\/\/www.icaib.org\/ca\/wp-json\/wp\/v2\/users\/13"}],"replies":[{"embeddable":true,"href":"https:\/\/www.icaib.org\/ca\/wp-json\/wp\/v2\/comments?post=228026"}],"version-history":[{"count":0,"href":"https:\/\/www.icaib.org\/ca\/wp-json\/wp\/v2\/posts\/228026\/revisions"}],"wp:attachment":[{"href":"https:\/\/www.icaib.org\/ca\/wp-json\/wp\/v2\/media?parent=228026"}],"wp:term":[{"taxonomy":"category","embeddable":true,"href":"https:\/\/www.icaib.org\/ca\/wp-json\/wp\/v2\/categories?post=228026"},{"taxonomy":"post_tag","embeddable":true,"href":"https:\/\/www.icaib.org\/ca\/wp-json\/wp\/v2\/tags?post=228026"}],"curies":[{"name":"wp","href":"https:\/\/api.w.org\/{rel}","templated":true}]}}