{"id":228182,"date":"2023-10-24T18:47:04","date_gmt":"2023-10-24T16:47:04","guid":{"rendered":"https:\/\/www.icaib.org\/?p=228182"},"modified":"2023-10-30T08:20:37","modified_gmt":"2023-10-30T07:20:37","slug":"limpacte-de-la-intel%c2%b7ligencia-artificial-en-ladvocacia-al-numero-139-de-misser","status":"publish","type":"post","link":"https:\/\/www.icaib.org\/ca\/limpacte-de-la-intel%c2%b7ligencia-artificial-en-ladvocacia-al-numero-139-de-misser\/","title":{"rendered":"L&#8217;impacte de la Intel\u00b7lig\u00e8ncia Artificial en l&#8217;advocacia, al n\u00famero 139 de Miss\u00e8r"},"content":{"rendered":"<p>Els experts ja s&#8217;hi refereixen a ella com la Quarta revoluci\u00f3 industrial i no n&#8217;hi ha per menys. La Intel\u00b7lig\u00e8ncia Artificial (IA) i, sobretot, el seu impacte en l&#8217;advocacia, a la qual ja est\u00e0 transformant, centren el reportatge central del n\u00famero 139 de <em>Miss\u00e8r<\/em>. Parlem dels molts avantatges que presenta la incorporaci\u00f3 de l&#8217;algoritme als despatxos i tamb\u00e9 de com afrontar-ne els riscos que plateja.<\/p>\n<p>Els lectors trobaran tamb\u00e9 al nou n\u00famero not\u00edcies relacionades amb el nou any judicial; amb l\u2019augment de la viol\u00e8ncia entre els joves; amb el funcionament del testament professional col\u00b7legial, el servei activat al setembre a l&#8217;ICAIB; o amb l&#8217;extensi\u00f3 dels litigis de dret mediambiental.<\/p>\n<p>Ens fem ress\u00f2 tamb\u00e9 de la festa col\u00b7legial de l&#8217;advocacia d&#8217;Eivissa i coneixerem els projectes del nou jutge deg\u00e0 d&#8217;aquest partit judicial, Sergio Gonz\u00e1lez Malabia, que, com els advocats, lamenta l&#8217;abandonament de la Just\u00edcia per part dels poders p\u00fablics.<\/p>\n<p>En aquestes p\u00e0gines trobarem tamb\u00e9 les firmes d&#8217;opini\u00f3 de Jaime Florit, Bernardo Garc\u00edas i Daniel Loscertales, aix\u00ed com la del magistrat Carlos Izquierdo, que des de les p\u00e0gines de l&#8217;Acad\u00e8mia ens parla de la nul\u00b7litat per usura en el cr\u00e8dit revolving i la prescripci\u00f3 de l&#8217;acci\u00f3 restitut\u00f2ria.<\/p>\n<p>Passeu i llegiu\u2026<\/p>\n<a href='https:\/\/www.icaib.org\/wp-content\/uploads\/2023\/10\/MISSER-139-ENTERA-1.pdf' target='_blank'>\n                <i class='fas fa-link'><\/i> \n                <strong>Miss\u00e8r 139<\/strong>\n            <\/a><br\/>\n","protected":false},"excerpt":{"rendered":"<p>Els experts ja s&#8217;hi refereixen a ella com la Quarta  [&#8230;]<\/p>\n","protected":false},"author":13,"featured_media":228222,"comment_status":"closed","ping_status":"closed","sticky":false,"template":"","format":"standard","meta":{"footnotes":""},"categories":[33],"tags":[],"class_list":["post-228182","post","type-post","status-publish","format-standard","has-post-thumbnail","hentry","category-noticies-icaib"],"_links":{"self":[{"href":"https:\/\/www.icaib.org\/ca\/wp-json\/wp\/v2\/posts\/228182","targetHints":{"allow":["GET"]}}],"collection":[{"href":"https:\/\/www.icaib.org\/ca\/wp-json\/wp\/v2\/posts"}],"about":[{"href":"https:\/\/www.icaib.org\/ca\/wp-json\/wp\/v2\/types\/post"}],"author":[{"embeddable":true,"href":"https:\/\/www.icaib.org\/ca\/wp-json\/wp\/v2\/users\/13"}],"replies":[{"embeddable":true,"href":"https:\/\/www.icaib.org\/ca\/wp-json\/wp\/v2\/comments?post=228182"}],"version-history":[{"count":0,"href":"https:\/\/www.icaib.org\/ca\/wp-json\/wp\/v2\/posts\/228182\/revisions"}],"wp:featuredmedia":[{"embeddable":true,"href":"https:\/\/www.icaib.org\/ca\/wp-json\/wp\/v2\/media\/228222"}],"wp:attachment":[{"href":"https:\/\/www.icaib.org\/ca\/wp-json\/wp\/v2\/media?parent=228182"}],"wp:term":[{"taxonomy":"category","embeddable":true,"href":"https:\/\/www.icaib.org\/ca\/wp-json\/wp\/v2\/categories?post=228182"},{"taxonomy":"post_tag","embeddable":true,"href":"https:\/\/www.icaib.org\/ca\/wp-json\/wp\/v2\/tags?post=228182"}],"curies":[{"name":"wp","href":"https:\/\/api.w.org\/{rel}","templated":true}]}}