{"id":230985,"date":"2023-11-27T13:24:16","date_gmt":"2023-11-27T12:24:16","guid":{"rendered":"https:\/\/www.icaib.org\/?p=230985"},"modified":"2023-11-27T13:24:16","modified_gmt":"2023-11-27T12:24:16","slug":"el-magistrat-vicente-magro-servet-5e-premi-enriqueta-pascual-per-la-igualtat","status":"publish","type":"post","link":"https:\/\/www.icaib.org\/ca\/el-magistrat-vicente-magro-servet-5e-premi-enriqueta-pascual-per-la-igualtat\/","title":{"rendered":"El magistrat Vicente Magro Servet, 5\u00e8 Premi Enriqueta Pascual per la Igualtat"},"content":{"rendered":"<p>La Junta de Govern de l&#8217;ICAIB ha acordat, per unanimitat, concedir al senyor Vicente Magro Servet, magistrat del Tribunal Suprem, el Premi Enriqueta Pascual per la Igualtat 2023, guard\u00f3 que va ser creat el 2019 per la corporaci\u00f3 col\u00b7legial amb l&#8217;objectiu de recon\u00e8ixer p\u00fablicament la tasca de les persones \u2013f\u00edsiques o jur\u00eddiques- que, des de la seva posici\u00f3 professional en la branca de les ci\u00e8ncies jur\u00eddiques, o en estreta relaci\u00f3 amb elles, treballen per eradicar la discriminaci\u00f3 per ra\u00f3 de sexe o g\u00e8nere i per avan\u00e7ar cap a la igualtat plena, real i efectiva, entre dones i homes.<\/p>\n<p>En concret, Vicente Magro Servet ha resultat guanyador d&#8217;aquest premi, en la seva cinquena edici\u00f3, en reconeixement \u201cde l&#8217;aportaci\u00f3 innegable a la defensa de la igualtat entre dones i homes que ha dut a terme durant la seva carrera com a jurista i, molt especialment, per la seva contribuci\u00f3, des del dret i la judicatura, a la protecci\u00f3 de les dones v\u00edctimes de la viol\u00e8ncia de g\u00e8nere\u201d.<\/p>\n<p>El guard\u00f3, creat a inst\u00e0ncies de la Comissi\u00f3 d&#8217;Igualtat, pren el nom de la senyora Enriqueta Pascual Gil, la primera dona que es va incorporar a l&#8217;ICAIB com a advocada exercent, l&#8217;any 1956.<\/p>\n<p>Magistrat de la Sala Penal del Tribunal Suprem, Vicente Magro \u00e9s membre assessor de l&#8217;Observatori de Viol\u00e8ncia dom\u00e8stica i de g\u00e8nere del Consell General del Poder Judicial des de l&#8217;any 2002 i autor de m\u00e9s de 80 llibres de Dret, m\u00e9s de 1.500 articles doctrinals i diverses novel\u00b7les.<\/p>\n<p>A les anteriors edicions d&#8217;aquest premi varen resultar guanyadores la presidenta del Consell General de l&#8217;Advocacia Espanyola, Victoria Ortega Benito; l&#8217;exdegana del Col\u00b7legi de l&#8217;Advocacia de Barcelona, Maria Eugenia Gay Rosell; la fundaci\u00f3 Amadip-ESMENT i l&#8217;expresidenta del Tribunal Constitucional, Maria Emilia Casas Baamonde.<\/p>\n","protected":false},"excerpt":{"rendered":"<p>La Junta de Govern de l&#8217;ICAIB ha acordat, per unanimitat,  [&#8230;]<\/p>\n","protected":false},"author":13,"featured_media":230983,"comment_status":"closed","ping_status":"closed","sticky":false,"template":"","format":"standard","meta":{"footnotes":""},"categories":[33],"tags":[],"class_list":["post-230985","post","type-post","status-publish","format-standard","has-post-thumbnail","hentry","category-noticies-icaib"],"_links":{"self":[{"href":"https:\/\/www.icaib.org\/ca\/wp-json\/wp\/v2\/posts\/230985","targetHints":{"allow":["GET"]}}],"collection":[{"href":"https:\/\/www.icaib.org\/ca\/wp-json\/wp\/v2\/posts"}],"about":[{"href":"https:\/\/www.icaib.org\/ca\/wp-json\/wp\/v2\/types\/post"}],"author":[{"embeddable":true,"href":"https:\/\/www.icaib.org\/ca\/wp-json\/wp\/v2\/users\/13"}],"replies":[{"embeddable":true,"href":"https:\/\/www.icaib.org\/ca\/wp-json\/wp\/v2\/comments?post=230985"}],"version-history":[{"count":0,"href":"https:\/\/www.icaib.org\/ca\/wp-json\/wp\/v2\/posts\/230985\/revisions"}],"wp:featuredmedia":[{"embeddable":true,"href":"https:\/\/www.icaib.org\/ca\/wp-json\/wp\/v2\/media\/230983"}],"wp:attachment":[{"href":"https:\/\/www.icaib.org\/ca\/wp-json\/wp\/v2\/media?parent=230985"}],"wp:term":[{"taxonomy":"category","embeddable":true,"href":"https:\/\/www.icaib.org\/ca\/wp-json\/wp\/v2\/categories?post=230985"},{"taxonomy":"post_tag","embeddable":true,"href":"https:\/\/www.icaib.org\/ca\/wp-json\/wp\/v2\/tags?post=230985"}],"curies":[{"name":"wp","href":"https:\/\/api.w.org\/{rel}","templated":true}]}}