{"id":248502,"date":"2024-06-17T13:05:04","date_gmt":"2024-06-17T11:05:04","guid":{"rendered":"https:\/\/www.icaib.org\/?p=248502"},"modified":"2024-06-17T13:05:04","modified_gmt":"2024-06-17T11:05:04","slug":"avis-important-sobre-la-biblioteca-de-la-seu-de-palma","status":"publish","type":"post","link":"https:\/\/www.icaib.org\/ca\/avis-important-sobre-la-biblioteca-de-la-seu-de-palma\/","title":{"rendered":"Av\u00eds important sobre la biblioteca de la seu de Palma"},"content":{"rendered":"<p>S&#8217;informa que a partir del dia 8 de juliol, la biblioteca de la seu de Palma romandr\u00e0 tancada temporalment per a la reforma de les instal\u00b7lacions, per la qual cosa <strong>els ordinadors <\/strong>que hi ha en aquest espai col\u00b7legial <strong>es traslladaran a la Sala de Comissions<\/strong>, ubicada tamb\u00e9 a la segona planta, perqu\u00e8 els col\u00b7legiats puguin continuar utilitzant el servei.<\/p>\n<p>El tancament temporal <strong>nom\u00e9s afecta el pr\u00e9stec de monografies o la consulta de publicacions en paper<\/strong>, per\u00f2 no la resta dels serveis de la biblioteca. La previsi\u00f3 \u00e9s que a partir de l&#8217;1 de setembre la biblioteca torni a estar operativa.<\/p>\n","protected":false},"excerpt":{"rendered":"<p>S&#8217;informa que a partir del dia 8 de juliol, la  [&#8230;]<\/p>\n","protected":false},"author":13,"featured_media":0,"comment_status":"closed","ping_status":"closed","sticky":false,"template":"","format":"standard","meta":{"footnotes":""},"categories":[33],"tags":[],"class_list":["post-248502","post","type-post","status-publish","format-standard","hentry","category-noticies-icaib"],"_links":{"self":[{"href":"https:\/\/www.icaib.org\/ca\/wp-json\/wp\/v2\/posts\/248502","targetHints":{"allow":["GET"]}}],"collection":[{"href":"https:\/\/www.icaib.org\/ca\/wp-json\/wp\/v2\/posts"}],"about":[{"href":"https:\/\/www.icaib.org\/ca\/wp-json\/wp\/v2\/types\/post"}],"author":[{"embeddable":true,"href":"https:\/\/www.icaib.org\/ca\/wp-json\/wp\/v2\/users\/13"}],"replies":[{"embeddable":true,"href":"https:\/\/www.icaib.org\/ca\/wp-json\/wp\/v2\/comments?post=248502"}],"version-history":[{"count":0,"href":"https:\/\/www.icaib.org\/ca\/wp-json\/wp\/v2\/posts\/248502\/revisions"}],"wp:attachment":[{"href":"https:\/\/www.icaib.org\/ca\/wp-json\/wp\/v2\/media?parent=248502"}],"wp:term":[{"taxonomy":"category","embeddable":true,"href":"https:\/\/www.icaib.org\/ca\/wp-json\/wp\/v2\/categories?post=248502"},{"taxonomy":"post_tag","embeddable":true,"href":"https:\/\/www.icaib.org\/ca\/wp-json\/wp\/v2\/tags?post=248502"}],"curies":[{"name":"wp","href":"https:\/\/api.w.org\/{rel}","templated":true}]}}