{"id":252996,"date":"2024-09-09T11:47:27","date_gmt":"2024-09-09T09:47:27","guid":{"rendered":"https:\/\/www.icaib.org\/?p=252996"},"modified":"2024-09-09T12:10:32","modified_gmt":"2024-09-09T10:10:32","slug":"presentades-dues-candidatures-per-a-les-eleccions-a-la-junta-directiva-de-lagrupacio-de-joves-advocats-2","status":"publish","type":"post","link":"https:\/\/www.icaib.org\/ca\/presentades-dues-candidatures-per-a-les-eleccions-a-la-junta-directiva-de-lagrupacio-de-joves-advocats-2\/","title":{"rendered":"Presentades dues candidatures per a les eleccions a la Junta Directiva de l&#8217;Agrupaci\u00f3 de Joves Advocats"},"content":{"rendered":"<p>S&#8217;informa que s&#8217;han presentat dues candidatures a les eleccions convocades per cobrir els c\u00e0rrecs de la Junta Directiva de l&#8217;Agrupaci\u00f3 de Joves Advocats de les Illes Balears (AJAIB), que tindran lloc el dia 17 de setembre, de les 10.00 a les 13.00 hores, a la seu de l&#8217;ICAIB Palma. En concret, es tracta de les seg\u00fcents:<br \/>\n&nbsp;<\/p>\n<p>&nbsp;<\/p>\n<table class=\" aligncenter\">\n<tbody>\n<tr>\n<td style=\"text-align: left;\"><\/td>\n<td style=\"text-align: left;\"><strong>Candidatura \u201cRENOVANDO AJAIB\u201d\u00a0 \u00a0 \u00a0 \u00a0\u00a0<\/strong><\/td>\n<td style=\"text-align: left;\"><strong>Candidatura \u201cCRECIENDO JUNTOS\u201d<\/strong><\/td>\n<\/tr>\n<tr>\n<td style=\"text-align: left;\">Presid\u00e8ncia<\/td>\n<td style=\"text-align:   left;\">\u00c1lvaro Mart\u00edn Olmos<\/td>\n<td style=\"text-align: left;\">Marina Carbonell Serra<\/td>\n<\/tr>\n<tr>\n<td style=\"text-align: left;\">Vicepresid.<\/td>\n<td style=\"text-align: left;\">Montse \u00c1lvarez P\u00e9rez<\/td>\n<td style=\"text-align: left;\">Pablo Juanico Rodr\u00edguez<\/td>\n<\/tr>\n<tr>\n<td style=\"text-align: left;\">Secretaria<\/td>\n<td style=\"text-align: left;\">Luis Baena Marcos<\/td>\n<td style=\"text-align: left;\">Tal\u00eda Mart\u00ednez P\u00e9rez<\/td>\n<\/tr>\n<tr>\n<td style=\"text-align: left;\">Tresoreria<\/td>\n<td style=\"text-align: left;\">Marc L\u00f3pez Exp\u00f3sito<\/td>\n<td style=\"text-align: left;\">Marc Franco Martorell<\/td>\n<\/tr>\n<tr>\n<td style=\"text-align: left;\">Secretaria 2<\/td>\n<td style=\"text-align: left;\">Kirill Jigoulev Scherbina<\/td>\n<td style=\"text-align: left;\"><\/td>\n<\/tr>\n<tr>\n<td style=\"text-align: left;\">Vocalia 1a<\/td>\n<td style=\"text-align: left;\">Diego Ignacio Gonz\u00e1lez Zavala<\/td>\n<td style=\"text-align: left;\">Maite Anna Lozano Fuentes<\/td>\n<\/tr>\n<tr>\n<td style=\"text-align: left;\">Vocalia 2a<\/td>\n<td style=\"text-align: left;\">B\u00e1rbara Mu\u00f1oz de la Ventana<\/td>\n<td style=\"text-align: left;\">Mar\u00eda Engracia Cintas Cunill<\/td>\n<\/tr>\n<tr>\n<td style=\"text-align: left;\">Vocalia 3a<\/td>\n<td><\/td>\n<td style=\"text-align: left;\">Albert Coyo Cerd\u00e1<\/td>\n<\/tr>\n<tr>\n<td style=\"text-align: left;\">Vocalia 4a<\/td>\n<td><\/td>\n<td style=\"text-align: left;\">David L\u00f3pez Mart\u00edn<\/td>\n<\/tr>\n<tr>\n<td style=\"text-align: left;\">Vocalia 5a<\/td>\n<td><\/td>\n<td style=\"text-align: left;\">V\u00edctor Manuel Villar Mora<\/td>\n<\/tr>\n<\/tbody>\n<\/table>\n<p style=\"text-align: left;\">\n","protected":false},"excerpt":{"rendered":"<p>S&#8217;informa que s&#8217;han presentat dues candidatures a les eleccions convocades  [&#8230;]<\/p>\n","protected":false},"author":13,"featured_media":0,"comment_status":"closed","ping_status":"closed","sticky":false,"template":"","format":"standard","meta":{"footnotes":""},"categories":[33],"tags":[],"class_list":["post-252996","post","type-post","status-publish","format-standard","hentry","category-noticies-icaib"],"_links":{"self":[{"href":"https:\/\/www.icaib.org\/ca\/wp-json\/wp\/v2\/posts\/252996","targetHints":{"allow":["GET"]}}],"collection":[{"href":"https:\/\/www.icaib.org\/ca\/wp-json\/wp\/v2\/posts"}],"about":[{"href":"https:\/\/www.icaib.org\/ca\/wp-json\/wp\/v2\/types\/post"}],"author":[{"embeddable":true,"href":"https:\/\/www.icaib.org\/ca\/wp-json\/wp\/v2\/users\/13"}],"replies":[{"embeddable":true,"href":"https:\/\/www.icaib.org\/ca\/wp-json\/wp\/v2\/comments?post=252996"}],"version-history":[{"count":0,"href":"https:\/\/www.icaib.org\/ca\/wp-json\/wp\/v2\/posts\/252996\/revisions"}],"wp:attachment":[{"href":"https:\/\/www.icaib.org\/ca\/wp-json\/wp\/v2\/media?parent=252996"}],"wp:term":[{"taxonomy":"category","embeddable":true,"href":"https:\/\/www.icaib.org\/ca\/wp-json\/wp\/v2\/categories?post=252996"},{"taxonomy":"post_tag","embeddable":true,"href":"https:\/\/www.icaib.org\/ca\/wp-json\/wp\/v2\/tags?post=252996"}],"curies":[{"name":"wp","href":"https:\/\/api.w.org\/{rel}","templated":true}]}}