{"id":253637,"date":"2024-09-16T10:13:30","date_gmt":"2024-09-16T08:13:30","guid":{"rendered":"https:\/\/www.icaib.org\/?p=253637"},"modified":"2025-10-14T08:28:50","modified_gmt":"2025-10-14T06:28:50","slug":"ampliacio-i-us-de-les-sales-de-reunions-de-licaib","status":"publish","type":"post","link":"https:\/\/www.icaib.org\/ca\/ampliacio-i-us-de-les-sales-de-reunions-de-licaib\/","title":{"rendered":"Ampliaci\u00f3 i \u00fas de les sales de reunions de l&#8217;ICAIB"},"content":{"rendered":"<p>Atesa la bona acollida que registra, sobretot a Palma, el servei de sales i despatxos que l&#8217;ICAIB posa a l\u2019abast dels col\u00b7legiats que, per circumst\u00e0ncies especials i\/o imprevistes, necessiten reunir-se amb els seus clients, de manera presencial, fora del propi despatx, s&#8217;informa que a l&#8217;ICAIB Palma s&#8217;han habilitat nous espais de reuni\u00f3. <\/p>\n<p>Entre les normes d&#8217;\u00fas d&#8217;aquest servei, que s&#8217;ofereix en horari col\u00b7legial i \u00e9s gratu\u00eft (llevat dels sup\u00f2sits en qu\u00e8 el lletrat actu\u00ef en representaci\u00f3 d&#8217;una empresa o entitat, en qu\u00e8 s&#8217;abonar\u00e0 segons les tarifes vigents), figuren les seg\u00fcents: <\/p>\n<p><strong>RESERVA PR\u00c8VIA <\/strong><br \/>\nPer facilitar l&#8217;\u00f2ptima gesti\u00f3 de les reserves, i tret de casos d&#8217;urg\u00e8ncia o imprevistos, cal enviar,<strong> amb almenys 24 hores d&#8217;antelaci\u00f3<\/strong>, un correu electr\u00f2nic a alguna d&#8217;aquestes adreces electr\u00f2niques (segons la seu de la reserva): andrea. torrens@icaib.org (Palma); manacor@icaib.org; inca@icaib.org; menorca@icaib.org i eivissa@icaib.org, amb especificaci\u00f3 del nom complet, n\u00famero de col\u00b7legiat, nombre de persones que hi assistiran i durada aproximada de la reuni\u00f3. <\/p>\n<p><strong>FREQ\u00dc\u00c8NCIA M\u00c0XIMA I HORARIS <\/strong><br \/>\nPer facilitar que el servei estigui disponible per a totes les persones col\u00b7legiades que ho necessitin, la <strong>freq\u00fc\u00e8ncia m\u00e0xima d\u2019\u00fas no podr\u00e0 superar les dues reserves setmanals, ni les dues hores m\u00e0xim per reserva. <\/strong><\/p>\n<p>L\u2019horari per a la reserva de sala ser\u00e0 el propi del Col\u00b7legi.<\/p>\n<p><strong>ACOMPANYAMENT ALS USUARIS<\/strong><br \/>\nEls clients\/usuaris han d&#8217;accedir i abandonar les instal\u00b7lacions en companyia del seu advocat.<\/p>\n","protected":false},"excerpt":{"rendered":"<p>Atesa la bona acollida que registra, sobretot a Palma, el  [&#8230;]<\/p>\n","protected":false},"author":13,"featured_media":254353,"comment_status":"closed","ping_status":"closed","sticky":false,"template":"","format":"standard","meta":{"footnotes":""},"categories":[65,33,22],"tags":[],"class_list":["post-253637","post","type-post","status-publish","format-standard","has-post-thumbnail","hentry","category-banner-principal-cat","category-noticies-icaib","category-noticies-principal"],"_links":{"self":[{"href":"https:\/\/www.icaib.org\/ca\/wp-json\/wp\/v2\/posts\/253637","targetHints":{"allow":["GET"]}}],"collection":[{"href":"https:\/\/www.icaib.org\/ca\/wp-json\/wp\/v2\/posts"}],"about":[{"href":"https:\/\/www.icaib.org\/ca\/wp-json\/wp\/v2\/types\/post"}],"author":[{"embeddable":true,"href":"https:\/\/www.icaib.org\/ca\/wp-json\/wp\/v2\/users\/13"}],"replies":[{"embeddable":true,"href":"https:\/\/www.icaib.org\/ca\/wp-json\/wp\/v2\/comments?post=253637"}],"version-history":[{"count":1,"href":"https:\/\/www.icaib.org\/ca\/wp-json\/wp\/v2\/posts\/253637\/revisions"}],"predecessor-version":[{"id":286561,"href":"https:\/\/www.icaib.org\/ca\/wp-json\/wp\/v2\/posts\/253637\/revisions\/286561"}],"wp:featuredmedia":[{"embeddable":true,"href":"https:\/\/www.icaib.org\/ca\/wp-json\/wp\/v2\/media\/254353"}],"wp:attachment":[{"href":"https:\/\/www.icaib.org\/ca\/wp-json\/wp\/v2\/media?parent=253637"}],"wp:term":[{"taxonomy":"category","embeddable":true,"href":"https:\/\/www.icaib.org\/ca\/wp-json\/wp\/v2\/categories?post=253637"},{"taxonomy":"post_tag","embeddable":true,"href":"https:\/\/www.icaib.org\/ca\/wp-json\/wp\/v2\/tags?post=253637"}],"curies":[{"name":"wp","href":"https:\/\/api.w.org\/{rel}","templated":true}]}}