{"id":257057,"date":"2024-10-28T09:39:36","date_gmt":"2024-10-28T08:39:36","guid":{"rendered":"https:\/\/www.icaib.org\/?p=257057"},"modified":"2024-10-29T09:06:35","modified_gmt":"2024-10-29T08:06:35","slug":"convocatoria-de-set-places-del-soj-a-mallorca-i-una-datencio-dels-telefons-dincidencies-i-centraleta-de-guardies-sol%c2%b7licituds-obertes-fins-a-les-14h-del-14-de-novembre","status":"publish","type":"post","link":"https:\/\/www.icaib.org\/ca\/convocatoria-de-set-places-del-soj-a-mallorca-i-una-datencio-dels-telefons-dincidencies-i-centraleta-de-guardies-sol%c2%b7licituds-obertes-fins-a-les-14h-del-14-de-novembre\/","title":{"rendered":"Convocat\u00f2ria de set places del SOJ a Mallorca i una d\u2019atenci\u00f3 dels tel\u00e8fons d\u2019incid\u00e8ncies i centraleta de gu\u00e0rdies. Sol\u00b7licituds obertes fins a les 14h del 14 de novembre"},"content":{"rendered":"<p>Adjuntam al final d&#8217;aquestes l\u00ednies les convocat\u00f2ries aprovades per la Junta de Govern per cobrir un total de set places als Servei d&#8217;Orientaci\u00f3 Jur\u00eddica de Mallorca (cinc a Palma, una a Inca i una a Manacor), aix\u00ed com la convocada per cobrir una pla\u00e7a del servei de control dels tel\u00e8fons d&#8217;incid\u00e8ncies i el de centraleta de gu\u00e0rdies d&#8217;ALD en horari no laboral de l&#8217;ICAIB.<\/p>\n<p>El servei es prestar\u00e0 en r\u00e8gim d&#8217;arrendament de serveis de l&#8217;1 de gener al 31 de desembre del 2025.<\/p>\n<p>Els col\u00b7legiats que estiguin interessats i que compleixin els requisits especificats a les convocat\u00f2ries, poden presentar la seva sol\u00b7licitud a l&#8217;adre\u00e7a electr\u00f2nica secretaria@icaib.org, fins a les 14.00 hores del dia 14 de novembre.<\/p>\n<p><a href='https:\/\/www.icaib.org\/wp-content\/uploads\/2024\/10\/CONVOCATORIA-PALMA.pdf' target='_blank'>\n                <i class='fas fa-link'><\/i> \n                <strong>CONVOCAT\u00d2RIA PALMA<\/strong>\n            <\/a><br\/><br \/>\n<a href='https:\/\/www.icaib.org\/wp-content\/uploads\/2024\/10\/CONVOCATORIA-INCA-Y-MANACOR.pdf' target='_blank'>\n                <i class='fas fa-link'><\/i> \n                <strong>CONVOCAT\u00d2RIA INCA Y MANACOR<\/strong>\n            <\/a><br\/><br \/>\n<a href='https:\/\/www.icaib.org\/wp-content\/uploads\/2024\/10\/CONVOCATORIA-DEL-CONCURSO-CONTROL-TELEFONO-CENTRALITA-E-INCIDENCIAS.pdf' target='_blank'>\n                <i class='fas fa-link'><\/i> \n                <strong>CONVOCAT\u00d2RIA CONTROL TEL\u00c8FONS<\/strong>\n            <\/a><br\/><\/p>\n","protected":false},"excerpt":{"rendered":"<p>Adjuntam al final d&#8217;aquestes l\u00ednies les convocat\u00f2ries aprovades per la  [&#8230;]<\/p>\n","protected":false},"author":13,"featured_media":0,"comment_status":"closed","ping_status":"closed","sticky":false,"template":"","format":"standard","meta":{"footnotes":""},"categories":[33],"tags":[],"class_list":["post-257057","post","type-post","status-publish","format-standard","hentry","category-noticies-icaib"],"_links":{"self":[{"href":"https:\/\/www.icaib.org\/ca\/wp-json\/wp\/v2\/posts\/257057","targetHints":{"allow":["GET"]}}],"collection":[{"href":"https:\/\/www.icaib.org\/ca\/wp-json\/wp\/v2\/posts"}],"about":[{"href":"https:\/\/www.icaib.org\/ca\/wp-json\/wp\/v2\/types\/post"}],"author":[{"embeddable":true,"href":"https:\/\/www.icaib.org\/ca\/wp-json\/wp\/v2\/users\/13"}],"replies":[{"embeddable":true,"href":"https:\/\/www.icaib.org\/ca\/wp-json\/wp\/v2\/comments?post=257057"}],"version-history":[{"count":0,"href":"https:\/\/www.icaib.org\/ca\/wp-json\/wp\/v2\/posts\/257057\/revisions"}],"wp:attachment":[{"href":"https:\/\/www.icaib.org\/ca\/wp-json\/wp\/v2\/media?parent=257057"}],"wp:term":[{"taxonomy":"category","embeddable":true,"href":"https:\/\/www.icaib.org\/ca\/wp-json\/wp\/v2\/categories?post=257057"},{"taxonomy":"post_tag","embeddable":true,"href":"https:\/\/www.icaib.org\/ca\/wp-json\/wp\/v2\/tags?post=257057"}],"curies":[{"name":"wp","href":"https:\/\/api.w.org\/{rel}","templated":true}]}}