{"id":257094,"date":"2024-10-28T10:29:01","date_gmt":"2024-10-28T09:29:01","guid":{"rendered":"https:\/\/www.icaib.org\/?p=257094"},"modified":"2024-11-11T11:06:39","modified_gmt":"2024-11-11T10:06:39","slug":"advocats-vountaris-per-a-la-jornada-de-portes-obertes-29-de-novembre","status":"publish","type":"post","link":"https:\/\/www.icaib.org\/ca\/advocats-vountaris-per-a-la-jornada-de-portes-obertes-29-de-novembre\/","title":{"rendered":"Advocats vountaris per a la Jornada de portes obertes de 29 de novembre. Darrers dies d&#8217;inscripci\u00f3!"},"content":{"rendered":"<p>L\u2019ICAIB organitza una nova edici\u00f3 de la Jornada de Portes Obertes, que tindr\u00e0 lloc el divendres 29 de novembre, de les 9.00 a les 14.30 hores, a totes les seus col\u00b7legials. Aquest dia, els ciutadans podran fer consultes jur\u00eddiques gratu\u00eftes als advocats voluntaris.<\/p>\n<p>Tot i que la jornada \u00e9s de 9.00 a 14.30, els lletrats, que han de ser exercents, poden triar un d\u2019aquests <strong>dos intervals horaris<\/strong>: de 9.00 a 11.45 i de 11.45 a 14.30 hores, segons la franja que millor s\u2019adapti a les seves circumst\u00e0ncies professionals o laborals. Tot i aix\u00ed, i a fi de garantir que durant tota la jornada hi hagi advocats de totes les disciplines del Dret l\u2019organitzaci\u00f3 podr\u00e0 formular un canvi de torn, consensuat amb el professional.<\/p>\n<p>Els col\u00b7legiats que s\u2019inscriguin com a voluntaris per atendre les consultes dels ciutadans estaran exempts de pagar la quota col\u00b7legial corresponent al mes de desembre de 2024, sempre que estiguin presents a la jornada almenys durant un dels dos torns fixats.<\/p>\n<p>Per ajustar el nombre de lletrats participants als espais existents a cada seu i a la demanda ciutadana prevista, s\u2019ha fixat un m<strong>\u00e0xim de col\u00b7legiats participants<\/strong> (28 a Palma (14 per cada torn); 10 (5+5) a Eivissa; 8 (4+4) a Menorca, 6 a Inca (tres per cada torn) y 4 (2+2) a Manacor. <strong>S&#8217;informa que tant a Inca com a Manacor les places de lletrats voluntaris estan ja cobertes.<\/strong><\/p>\n<p>Els advocats i les advocades interessats a participar-hi han d&#8217;<strong>enviar un correu a l\u2019adre\u00e7a electr\u00f3nica corresponent d\u2019entre les indicades al final d\u2019aquest text, abans del 15 de novembre <\/strong>(incl\u00f2s), per tal d\u2019organitzar, per especialitzaci\u00f3 o branques del dret, els grups d\u2019atenci\u00f3 als ciutadans. Per aix\u00f2, a m\u00e9s del nom i els cognoms, han d\u2019<strong>especificar la disciplina o les disciplines del dret <\/strong> a qu\u00e8 es dediquen.<\/p>\n<p>Les adreces on cal apuntar-se s\u00f3n:<\/p>\n<p>Eivissa: eivissa@icaib.org<br \/>\nInca: magdalena.pieras@icaib.org (Places ja cobertes).<br \/>\nManacor: antonia.jaume@icaib.org (Places ja cobertes).<br \/>\nMenorca: menorca@icaib.org<br \/>\nPalma: comunicacio@icaib.org<\/p>\n","protected":false},"excerpt":{"rendered":"<p>L\u2019ICAIB organitza una nova edici\u00f3 de la Jornada de Portes  [&#8230;]<\/p>\n","protected":false},"author":13,"featured_media":0,"comment_status":"closed","ping_status":"closed","sticky":false,"template":"","format":"standard","meta":{"footnotes":""},"categories":[33],"tags":[],"class_list":["post-257094","post","type-post","status-publish","format-standard","hentry","category-noticies-icaib"],"_links":{"self":[{"href":"https:\/\/www.icaib.org\/ca\/wp-json\/wp\/v2\/posts\/257094","targetHints":{"allow":["GET"]}}],"collection":[{"href":"https:\/\/www.icaib.org\/ca\/wp-json\/wp\/v2\/posts"}],"about":[{"href":"https:\/\/www.icaib.org\/ca\/wp-json\/wp\/v2\/types\/post"}],"author":[{"embeddable":true,"href":"https:\/\/www.icaib.org\/ca\/wp-json\/wp\/v2\/users\/13"}],"replies":[{"embeddable":true,"href":"https:\/\/www.icaib.org\/ca\/wp-json\/wp\/v2\/comments?post=257094"}],"version-history":[{"count":0,"href":"https:\/\/www.icaib.org\/ca\/wp-json\/wp\/v2\/posts\/257094\/revisions"}],"wp:attachment":[{"href":"https:\/\/www.icaib.org\/ca\/wp-json\/wp\/v2\/media?parent=257094"}],"wp:term":[{"taxonomy":"category","embeddable":true,"href":"https:\/\/www.icaib.org\/ca\/wp-json\/wp\/v2\/categories?post=257094"},{"taxonomy":"post_tag","embeddable":true,"href":"https:\/\/www.icaib.org\/ca\/wp-json\/wp\/v2\/tags?post=257094"}],"curies":[{"name":"wp","href":"https:\/\/api.w.org\/{rel}","templated":true}]}}