{"id":257593,"date":"2024-11-04T09:35:56","date_gmt":"2024-11-04T08:35:56","guid":{"rendered":"https:\/\/www.icaib.org\/?p=257593"},"modified":"2024-11-04T10:32:45","modified_gmt":"2024-11-04T09:32:45","slug":"el-tsjcv-declara-inhabil-una-setmana-a-efectes-de-terminis-processals-i-facilitara-la-suspensio-de-senyalaments-i-vistes-models-de-sol%c2%b7licitud-de-suspensio-i-altres","status":"publish","type":"post","link":"https:\/\/www.icaib.org\/ca\/el-tsjcv-declara-inhabil-una-setmana-a-efectes-de-terminis-processals-i-facilitara-la-suspensio-de-senyalaments-i-vistes-models-de-sol%c2%b7licitud-de-suspensio-i-altres\/","title":{"rendered":"El TSJCV declara inh\u00e0bil una setmana a efectes de terminis processals i facilitar\u00e0 la suspensi\u00f3 de senyalaments i vistes. Models de sol\u00b7licitud de suspensi\u00f3 i altres"},"content":{"rendered":"<p>El TSJ de la Comunitat Valenciana ha declarat inh\u00e0bil a efectes de terminis processals la setmana del 4 al 10 de novembre i sol\u00b7licita a tots els \u00f2rgans judicials de la prov\u00edncia que, tenint \u201cespecial consideraci\u00f3 amb la situaci\u00f3 en qu\u00e8 ens trobem\u201d, facilitin la suspensi\u00f3 de les vistes i els assenyalaments.<\/p>\n<p>\u201cLa Sala de Govern \u2013 es diu a l&#8217;acord adoptat al TSJCV- envia un missatge clar i rotund de la inexist\u00e8ncia d&#8217;obligaci\u00f3 de qualsevol professional o ciutad\u00e0 que trobi qualsevol tipus de dificultat per despla\u00e7ar-se a la Ciutat de la Just\u00edcia de Val\u00e8ncia o a altres seus judicials hagi d&#8217;acudir a l&#8217;actuaci\u00f3 jurisdiccional o processal de qu\u00e8 es tracti (\u2026). Per tant, ha de bastar una simple telefonada a l\u2019\u00f2rgan judicial expressant la imposibilitat i, fins i tots, en els casos en qu\u00e8 ni tanmateix aix\u00f2 sigui possible, la simple incompareixen\u00e7a hauria de justificar la suspensi\u00f3 de l\u2019actuaci\u00f3\u201d.<\/p>\n<p>Atesa la possibilitat que algun col\u00b7legiat pugui tenir judici o alguna actuaci\u00f3 en algun jutjat afectat, s&#8217;informa que a l&#8217;enlla\u00e7 <a href=\"https:\/\/www.abogacia.es\/actualidad\/noticias\/el-consejo-general-ofrece-a-los-colegiados-afectados-por-la-dana-los-modelos-para-solicitar-la-suspension-y-o-la-interrupcion-de-plazos\/\">https:\/\/www.abogacia.es\/actualidad\/noticias\/el-consejo-general-ofrece-a-los-colegiados-afectados-por-la-dana-los-modelos-para-solicitar-la-suspension-y-o-la-interrupcion-de-plazos\/<\/a> poden trobar models de sol\u00b7licitud de suspensi\u00f3 i altres models elaborats pel Consell General de l&#8217;Advocacia Espanyola.<\/p>\n<p>M\u00e9s informaci\u00f3 sobre els acords del TSJCV i de la Comissi\u00f3 Permanent del Consello General del Poder Judicial a:<a href=\"https:\/\/www.poderjudicial.es\/cgpj\/es\/Poder-Judicial\/En-Portada\/El-CGPJ-prorroga-hasta-el-10-de-noviembre-la-suspension-de-plazos-procesales-en-la-provincia-de-Valencia-a-peticion-del-TSJCV\"> https:\/\/www.poderjudicial.es\/cgpj\/es\/Poder-Judicial\/En-Portada\/El-CGPJ-prorroga-hasta-el-10-de-noviembre-la-suspension-de-plazos-procesales-en-la-provincia-de-Valencia-a-peticion-del-TSJCV<\/a><\/p>\n","protected":false},"excerpt":{"rendered":"<p>El TSJ de la Comunitat Valenciana ha declarat inh\u00e0bil a  [&#8230;]<\/p>\n","protected":false},"author":13,"featured_media":0,"comment_status":"closed","ping_status":"closed","sticky":false,"template":"","format":"standard","meta":{"footnotes":""},"categories":[33],"tags":[],"class_list":["post-257593","post","type-post","status-publish","format-standard","hentry","category-noticies-icaib"],"_links":{"self":[{"href":"https:\/\/www.icaib.org\/ca\/wp-json\/wp\/v2\/posts\/257593","targetHints":{"allow":["GET"]}}],"collection":[{"href":"https:\/\/www.icaib.org\/ca\/wp-json\/wp\/v2\/posts"}],"about":[{"href":"https:\/\/www.icaib.org\/ca\/wp-json\/wp\/v2\/types\/post"}],"author":[{"embeddable":true,"href":"https:\/\/www.icaib.org\/ca\/wp-json\/wp\/v2\/users\/13"}],"replies":[{"embeddable":true,"href":"https:\/\/www.icaib.org\/ca\/wp-json\/wp\/v2\/comments?post=257593"}],"version-history":[{"count":0,"href":"https:\/\/www.icaib.org\/ca\/wp-json\/wp\/v2\/posts\/257593\/revisions"}],"wp:attachment":[{"href":"https:\/\/www.icaib.org\/ca\/wp-json\/wp\/v2\/media?parent=257593"}],"wp:term":[{"taxonomy":"category","embeddable":true,"href":"https:\/\/www.icaib.org\/ca\/wp-json\/wp\/v2\/categories?post=257593"},{"taxonomy":"post_tag","embeddable":true,"href":"https:\/\/www.icaib.org\/ca\/wp-json\/wp\/v2\/tags?post=257593"}],"curies":[{"name":"wp","href":"https:\/\/api.w.org\/{rel}","templated":true}]}}