{"id":26203,"date":"2017-04-26T13:00:00","date_gmt":"2017-04-26T11:00:00","guid":{"rendered":"https:\/\/www.icaib.org\/?p=26203\/"},"modified":"2017-07-25T12:59:52","modified_gmt":"2017-07-25T10:59:52","slug":"el-lloguer-vacacional-tema-central-del-numero-113-de-misser","status":"publish","type":"post","link":"https:\/\/www.icaib.org\/ca\/el-lloguer-vacacional-tema-central-del-numero-113-de-misser\/","title":{"rendered":"El lloguer vacacional, tema central del n\u00famero 113 de Miss\u00e8r"},"content":{"rendered":"<p>Per b\u00e9 o per mal, el lloguer vacional \u00e9s una realitat que sembla gaireb\u00e9 imparable. \u00c9s o no l&#8217;origen dels problemes d&#8217;acc\u00e9s a l&#8217;habitatge que troben, potser ara m\u00e9s que mai, residents a les illes i treballadors de temporada? Suposa el repartiment i la socialitzaci\u00f3 de la riquesa? Com hauria de regular-se i qu\u00e8 hi ha de la futura llei? Com s&#8217;aborda en altres pa\u00efsos? A aquestes i altres preguntes tracten de respondre a l&#8217;\u00faltim n\u00famero de Miss\u00e8r diferents professionals de l&#8217;advocacia i del sector tur\u00edstic amb els que hem parlat per con\u00e8ixer les seves consideracions sobre aquest model residencial-tur\u00edstic relativament nou, que genera, aix\u00f2 s\u00ed, opinions molt dispars.<\/p>\n<p>Al n\u00famero 113 de Miss\u00e8r, els lectors trobaran altres not\u00edcies i reportatges relacionats amb, entre d&#8217;altres, la primera trobada de cl\u00edniques jur\u00eddiques celebrada a l&#8217;ICAIB; les onze hist\u00f2ries de refugiats que ens explica l&#8217;exposici\u00f3 &#8220;DerechosRefugiados, 11 vidas en 11 maletas&#8221;; el lliurament del premi Deg\u00e0 Miquel Frontera a l&#8217;\u00c8tica Jur\u00eddica al fiscal Ladislao Roig; la campanya informativa sobre cl\u00e0usules s\u00f2l dirigida al ciutad\u00e0; o el que ens explica el primer &#8220;ensurt jur\u00eddic&#8221; de l&#8217;any: l&#8217;anunci de l&#8217;aplicaci\u00f3 de l&#8217;IVA a la just\u00edcia gratu\u00efta, finalment desistit. Aquest \u00faltim centra tamb\u00e9 l&#8217;article editorial del deg\u00e0, que reconeix que no pot deixar de preguntar-se &#8220;els motius que van portar a la Direcci\u00f3 General de Tributs i a Hisenda a mantenir durant dies una postura irracional&#8221;.<\/p>\n<p>A la secci\u00f3 d&#8217;opini\u00f3 podem llegir el que ens proposen Bernat Feliu, Alejandro Calvo, Eva Mar\u00eda Cardona i Lorenzo Ros, mentre que a &#8220;Deontologia Pr\u00e0ctica&#8221; Miguel Alberti ens parla de la prohibici\u00f3 de revelar comunicacions entre lletrats i a &#8220;Les p\u00e0gines de la Acad\u00e8mia&#8221; Miguel Coca es pregunta si els robots seran subjectes dotats de personalitat jur\u00eddica.<\/p>\n<p>El nombre 113 de Miss\u00e8r es pot consultar en aquest portal web, (Col\u00b7legi- Comunicaci\u00f3- Revista Miss\u00e8r).<\/p>\n<div class=\"fusion-fullwidth fullwidth-box fusion-builder-row-1 hundred-percent-fullwidth non-hundred-percent-height-scrolling\" style=\"--awb-border-radius-top-left:0px;--awb-border-radius-top-right:0px;--awb-border-radius-bottom-right:0px;--awb-border-radius-bottom-left:0px;--awb-overflow:visible;--awb-flex-wrap:wrap;\" ><div class=\"fusion-builder-row fusion-row\"><div class=\"fusion-layout-column fusion_builder_column fusion-builder-column-0 fusion_builder_column_1_1 1_1 fusion-one-full fusion-column-first fusion-column-last fusion-column-no-min-height\" style=\"--awb-bg-size:cover;--awb-margin-bottom:0px;\"><div class=\"fusion-column-wrapper fusion-flex-column-wrapper-legacy\"><a href='https:\/\/www.icaib.org\/wp-content\/uploads\/2017\/04\/dossier113.pdf' target='_blank'>\n                <i class='fas fa-link'><\/i> \n                <strong>Dossier 113<\/strong>\n            <\/a><br\/>\n<a href='https:\/\/www.icaib.org\/wp-content\/uploads\/2017\/04\/editorial113.pdf' target='_blank'>\n                <i class='fas fa-link'><\/i> \n                <strong>Editorial Miss\u00e8r 113<\/strong>\n            <\/a><br\/><div class=\"fusion-clearfix\"><\/div><\/div><\/div><\/div><\/div>\n","protected":false},"excerpt":{"rendered":"<p>Per b\u00e9 o per mal, el lloguer vacional \u00e9s una  [&#8230;]<\/p>\n","protected":false},"author":1,"featured_media":25541,"comment_status":"closed","ping_status":"closed","sticky":false,"template":"","format":"standard","meta":{"footnotes":""},"categories":[33],"tags":[],"class_list":["post-26203","post","type-post","status-publish","format-standard","has-post-thumbnail","hentry","category-noticies-icaib"],"_links":{"self":[{"href":"https:\/\/www.icaib.org\/ca\/wp-json\/wp\/v2\/posts\/26203","targetHints":{"allow":["GET"]}}],"collection":[{"href":"https:\/\/www.icaib.org\/ca\/wp-json\/wp\/v2\/posts"}],"about":[{"href":"https:\/\/www.icaib.org\/ca\/wp-json\/wp\/v2\/types\/post"}],"author":[{"embeddable":true,"href":"https:\/\/www.icaib.org\/ca\/wp-json\/wp\/v2\/users\/1"}],"replies":[{"embeddable":true,"href":"https:\/\/www.icaib.org\/ca\/wp-json\/wp\/v2\/comments?post=26203"}],"version-history":[{"count":0,"href":"https:\/\/www.icaib.org\/ca\/wp-json\/wp\/v2\/posts\/26203\/revisions"}],"wp:featuredmedia":[{"embeddable":true,"href":"https:\/\/www.icaib.org\/ca\/wp-json\/wp\/v2\/media\/25541"}],"wp:attachment":[{"href":"https:\/\/www.icaib.org\/ca\/wp-json\/wp\/v2\/media?parent=26203"}],"wp:term":[{"taxonomy":"category","embeddable":true,"href":"https:\/\/www.icaib.org\/ca\/wp-json\/wp\/v2\/categories?post=26203"},{"taxonomy":"post_tag","embeddable":true,"href":"https:\/\/www.icaib.org\/ca\/wp-json\/wp\/v2\/tags?post=26203"}],"curies":[{"name":"wp","href":"https:\/\/api.w.org\/{rel}","templated":true}]}}