{"id":264514,"date":"2025-02-05T09:13:59","date_gmt":"2025-02-05T08:13:59","guid":{"rendered":"https:\/\/www.icaib.org\/?p=264514"},"modified":"2025-02-05T09:13:59","modified_gmt":"2025-02-05T08:13:59","slug":"desplegament-formatiu-per-analitzar-la-llei-1-2025-de-mesures-deficiencia-del-servei-public-de-justicia","status":"publish","type":"post","link":"https:\/\/www.icaib.org\/ca\/desplegament-formatiu-per-analitzar-la-llei-1-2025-de-mesures-deficiencia-del-servei-public-de-justicia\/","title":{"rendered":"Desplegament formatiu per analitzar la Llei 1\/2025 de mesures defici\u00e8ncia del servei p\u00fablic de Just\u00edcia"},"content":{"rendered":"<p>La Fundaci\u00f3 de l\u2019Il\u00b7lustre Col\u00b7legi d\u2019Advocats de les Illes Balears (FICAIB) L&#8217;ICAIB est\u00e0 preparant un ampli programa d&#8217;activitats formatives, que tindran lloc els mesos de febrer i mar\u00e7, per tal d&#8217;analitzar la Llei 1\/2025 de mesures d&#8217;efici\u00e8ncia al servei p\u00fablic de la Just\u00edcia.<\/p>\n<p>Inicialment estan previstes cinc confer\u00e8ncies o jornades diferenciades destinades a estudiar, de manera monogr\u00e0fica, els canvis generals que la llei 1\/2025 planteja tant a nivell organitzatiu com en mat\u00e8ria processal; l&#8217;establiment dels requisits de procedibilitat i la implantaci\u00f3 dels mecanismes alternatius de soluci\u00f3 de controv\u00e8rsies (MASC) a l&#8217;ordre civil i mercantil; aix\u00ed com les novetats clau que la Llei 1\/2025 estableix espec\u00edficament als \u00e0mbits civil, penal i sociolaboral.<\/p>\n<p>La primera d&#8217;aquestes activitats, de car\u00e0cter m\u00e9s general, \u00e9s el curs de tres hores de durada programat per al dia 28 de febrer i que ser\u00e0 impartit pels senyors Vicente Magro Servet, magistrat del Tribunal Suprem, i \u00c1lvaro Perea Gonz\u00e1lez, Lletrat de l&#8217;Administraci\u00f3 de Just\u00edcia del jutjat de Primera Inst\u00e0ncia n\u00famero 1 de Fuenlabrada. La inscripci\u00f3 ja est\u00e0 oberta a l&#8217;enlla\u00e7 <a href=\"https:\/\/www.icaib.org\/ca\/events\/28-02-2025-curs-en-linia-la-llei-organica-de-mesures-d%ca%bbeficiencia-processal-i-la-seva-afectacio-al-proces-civil-i-penal\/\">https:\/\/www.icaib.org\/ca\/events\/28-02-2025-curs-en-linia-la-llei-organica-de-mesures-d%ca%bbeficiencia-processal-i-la-seva-afectacio-al-proces-civil-i-penal\/<\/a><\/p>\n","protected":false},"excerpt":{"rendered":"<p>La Fundaci\u00f3 de l\u2019Il\u00b7lustre Col\u00b7legi d\u2019Advocats de les Illes Balears  [&#8230;]<\/p>\n","protected":false},"author":13,"featured_media":0,"comment_status":"closed","ping_status":"closed","sticky":false,"template":"","format":"standard","meta":{"footnotes":""},"categories":[33],"tags":[],"class_list":["post-264514","post","type-post","status-publish","format-standard","hentry","category-noticies-icaib"],"_links":{"self":[{"href":"https:\/\/www.icaib.org\/ca\/wp-json\/wp\/v2\/posts\/264514","targetHints":{"allow":["GET"]}}],"collection":[{"href":"https:\/\/www.icaib.org\/ca\/wp-json\/wp\/v2\/posts"}],"about":[{"href":"https:\/\/www.icaib.org\/ca\/wp-json\/wp\/v2\/types\/post"}],"author":[{"embeddable":true,"href":"https:\/\/www.icaib.org\/ca\/wp-json\/wp\/v2\/users\/13"}],"replies":[{"embeddable":true,"href":"https:\/\/www.icaib.org\/ca\/wp-json\/wp\/v2\/comments?post=264514"}],"version-history":[{"count":0,"href":"https:\/\/www.icaib.org\/ca\/wp-json\/wp\/v2\/posts\/264514\/revisions"}],"wp:attachment":[{"href":"https:\/\/www.icaib.org\/ca\/wp-json\/wp\/v2\/media?parent=264514"}],"wp:term":[{"taxonomy":"category","embeddable":true,"href":"https:\/\/www.icaib.org\/ca\/wp-json\/wp\/v2\/categories?post=264514"},{"taxonomy":"post_tag","embeddable":true,"href":"https:\/\/www.icaib.org\/ca\/wp-json\/wp\/v2\/tags?post=264514"}],"curies":[{"name":"wp","href":"https:\/\/api.w.org\/{rel}","templated":true}]}}