{"id":26598,"date":"2017-06-02T11:33:25","date_gmt":"2017-06-02T09:33:25","guid":{"rendered":"https:\/\/www.icaib.org\/?p=26598\/"},"modified":"2017-06-19T10:19:38","modified_gmt":"2017-06-19T08:19:38","slug":"22062017-programa-del-gran-concert-destiu-del-cor-de-licaib","status":"publish","type":"post","link":"https:\/\/www.icaib.org\/ca\/22062017-programa-del-gran-concert-destiu-del-cor-de-licaib\/","title":{"rendered":"Recordam: el dijous 22 de juny, concert d&#8217;estiu del Cor de l&#8217;ICAIB"},"content":{"rendered":"<p>Adjuntam seguidament el programa del concert d&#8217;estiu que oferir\u00e0 el pr\u00f2xim dijous 22 de juny, a partir de les 19 hores, el Cor de l&#8217;ICAIB, integrat per m\u00e9s de 30 veus i que dirigeix la lletrada i soprano Maria del Pilar Rosell\u00f3 Corr\u00f3.<\/p>\n<p>Es tracta d&#8217;un programa molt variat que inclou diferents peces de diferents g\u00e8neres musicals: \u00f2pera, sarsuela, tangos, boleros, m\u00fasica francesa, m\u00fasica italiana dels anys 60, etc\u00e8tera.<\/p>\n<p>Recordin: el dijous 22 de juny, tenen una cita amb la m\u00fasica.<\/p>\n<p><a href=\"https:\/\/www.icaib.org\/wp-content\/uploads\/2017\/06\/programa-coro.pdf\" target=\"_blank\" rel=\"noopener noreferrer\">Programa<\/a><\/p>\n","protected":false},"excerpt":{"rendered":"<p>Adjuntam seguidament el programa del concert d&#8217;estiu que oferir\u00e0 el  [&#8230;]<\/p>\n","protected":false},"author":1,"featured_media":26596,"comment_status":"closed","ping_status":"closed","sticky":false,"template":"","format":"standard","meta":{"footnotes":""},"categories":[33],"tags":[],"class_list":["post-26598","post","type-post","status-publish","format-standard","has-post-thumbnail","hentry","category-noticies-icaib"],"_links":{"self":[{"href":"https:\/\/www.icaib.org\/ca\/wp-json\/wp\/v2\/posts\/26598","targetHints":{"allow":["GET"]}}],"collection":[{"href":"https:\/\/www.icaib.org\/ca\/wp-json\/wp\/v2\/posts"}],"about":[{"href":"https:\/\/www.icaib.org\/ca\/wp-json\/wp\/v2\/types\/post"}],"author":[{"embeddable":true,"href":"https:\/\/www.icaib.org\/ca\/wp-json\/wp\/v2\/users\/1"}],"replies":[{"embeddable":true,"href":"https:\/\/www.icaib.org\/ca\/wp-json\/wp\/v2\/comments?post=26598"}],"version-history":[{"count":0,"href":"https:\/\/www.icaib.org\/ca\/wp-json\/wp\/v2\/posts\/26598\/revisions"}],"wp:featuredmedia":[{"embeddable":true,"href":"https:\/\/www.icaib.org\/ca\/wp-json\/wp\/v2\/media\/26596"}],"wp:attachment":[{"href":"https:\/\/www.icaib.org\/ca\/wp-json\/wp\/v2\/media?parent=26598"}],"wp:term":[{"taxonomy":"category","embeddable":true,"href":"https:\/\/www.icaib.org\/ca\/wp-json\/wp\/v2\/categories?post=26598"},{"taxonomy":"post_tag","embeddable":true,"href":"https:\/\/www.icaib.org\/ca\/wp-json\/wp\/v2\/tags?post=26598"}],"curies":[{"name":"wp","href":"https:\/\/api.w.org\/{rel}","templated":true}]}}