{"id":267293,"date":"2025-03-10T12:43:53","date_gmt":"2025-03-10T11:43:53","guid":{"rendered":"https:\/\/www.icaib.org\/?p=267293"},"modified":"2025-03-10T12:43:53","modified_gmt":"2025-03-10T11:43:53","slug":"kit-digital-aprofita-els-fons-europeus-i-aconsegueix-gratuitament-un-portatil-o-un-portatil-i-una-tablet","status":"publish","type":"post","link":"https:\/\/www.icaib.org\/ca\/kit-digital-aprofita-els-fons-europeus-i-aconsegueix-gratuitament-un-portatil-o-un-portatil-i-una-tablet\/","title":{"rendered":"KIT digital: aprofita els Fons Europeus i aconsegueix gratu\u00eftament un port\u00e0til o un port\u00e0til i una Tablet"},"content":{"rendered":"<p>Recordem que l&#8217;ICAIB ha signat un acord exclusiu de col\u00b7laboraci\u00f3 amb Telef\u00f3nica Empresas perqu\u00e8 els col\u00b7legiats es puguin beneficiar de la subvenci\u00f3 dels Fons Europeus que es tramita a trav\u00e9s de Red.es i aconseguir equips inform\u00e0tics per a les pimes o aut\u00f2noms amb menys de 3 empleats, consistents en un port\u00e0til o un port\u00e0til i una Tablet.<\/p>\n<p>Aquest equipament consta de dues modalitats: un port\u00e0til i Tablet d&#8217;alta gamma amb l&#8217;aplicaci\u00f3 instal\u00b7lada de Geogesti\u00f3, sense cap tipus de quota de manteniment i amb l&#8217;\u00fanic comprom\u00eds de mantenir-lo instal\u00b7lat durant un any, o un port\u00e0til amb la suite de Microsoft 365, tots dos amb una llic\u00e8ncia d&#8217;antivirus inclosa.<\/p>\n<p>Es tracta d&#8217;una de les opcions m\u00e9s sol\u00b7licitades del Kit Digital, per a la qual els interessats \u00fanicament hauran d&#8217;abonar l&#8217;IVA, un cop dut a temer el proc\u00e9s de registre a Accelera pime, el test de maduresa digital i la signatura del contracte. En aquest proc\u00e9s, els col\u00b7legiats estaran atesos per especialistes que els assessoraran durant totes les fases de la sol\u00b7licitud, a m\u00e9s del suport inform\u00e0tic posterior.<\/p>\n<p>Els interessats poden comen\u00e7ar el proc\u00e9s de sol\u00b7licitud a l&#8217;enlla\u00e7 <a href=\"https:\/\/t.ly\/icaib\">https:\/\/t.ly\/icaib<\/a><\/p>\n<p>Aix\u00ed mateix, per a l&#8217;obtenci\u00f3 del KIT digital es posa a l\u2019abast dels col\u00b7legiats un tel\u00e8fon de suport espec\u00edfic (900 522 020) per a qualsevol dubte durant el proc\u00e9s. Aix\u00ed mateix, les persones que hi estiguin interessades poden fer consultes al senyor David San Mart\u00edn Ziadet, responsable de Telef\u00f3nica a Kit Digital, al correu electr\u00f2nic: david.sanmartinziadet@telefonica.com o al tel\u00e8fon 689840097.<\/p>\n","protected":false},"excerpt":{"rendered":"<p>Recordem que l&#8217;ICAIB ha signat un acord exclusiu de col\u00b7laboraci\u00f3  [&#8230;]<\/p>\n","protected":false},"author":13,"featured_media":267291,"comment_status":"closed","ping_status":"closed","sticky":false,"template":"","format":"standard","meta":{"footnotes":""},"categories":[33],"tags":[],"class_list":["post-267293","post","type-post","status-publish","format-standard","has-post-thumbnail","hentry","category-noticies-icaib"],"_links":{"self":[{"href":"https:\/\/www.icaib.org\/ca\/wp-json\/wp\/v2\/posts\/267293","targetHints":{"allow":["GET"]}}],"collection":[{"href":"https:\/\/www.icaib.org\/ca\/wp-json\/wp\/v2\/posts"}],"about":[{"href":"https:\/\/www.icaib.org\/ca\/wp-json\/wp\/v2\/types\/post"}],"author":[{"embeddable":true,"href":"https:\/\/www.icaib.org\/ca\/wp-json\/wp\/v2\/users\/13"}],"replies":[{"embeddable":true,"href":"https:\/\/www.icaib.org\/ca\/wp-json\/wp\/v2\/comments?post=267293"}],"version-history":[{"count":0,"href":"https:\/\/www.icaib.org\/ca\/wp-json\/wp\/v2\/posts\/267293\/revisions"}],"wp:featuredmedia":[{"embeddable":true,"href":"https:\/\/www.icaib.org\/ca\/wp-json\/wp\/v2\/media\/267291"}],"wp:attachment":[{"href":"https:\/\/www.icaib.org\/ca\/wp-json\/wp\/v2\/media?parent=267293"}],"wp:term":[{"taxonomy":"category","embeddable":true,"href":"https:\/\/www.icaib.org\/ca\/wp-json\/wp\/v2\/categories?post=267293"},{"taxonomy":"post_tag","embeddable":true,"href":"https:\/\/www.icaib.org\/ca\/wp-json\/wp\/v2\/tags?post=267293"}],"curies":[{"name":"wp","href":"https:\/\/api.w.org\/{rel}","templated":true}]}}