{"id":26821,"date":"2017-06-15T14:31:25","date_gmt":"2017-06-15T12:31:25","guid":{"rendered":"https:\/\/www.icaib.org\/?p=26821\/"},"modified":"2017-07-25T12:59:40","modified_gmt":"2017-07-25T10:59:40","slug":"icaib-i-creu-roja-amplien-el-seu-compromis-dajuda-a-les-persones-en-situacio-de-vulnerabilitat-especial","status":"publish","type":"post","link":"https:\/\/www.icaib.org\/ca\/icaib-i-creu-roja-amplien-el-seu-compromis-dajuda-a-les-persones-en-situacio-de-vulnerabilitat-especial\/","title":{"rendered":"ICAIB i Creu Roja amplien el seu comprom\u00eds d&#8217;ajuda a les persones en situaci\u00f3 de vulnerabilitat especial"},"content":{"rendered":"<p>El deg\u00e0 Mart\u00edn Ale\u00f1ar i el president de Creu Roja Illes Balears, Antoni Barcel\u00f3, han signat en data 12 de juny de 2017 la renovaci\u00f3 del conveni de col\u00b7laboraci\u00f3 que varen subscriure l&#8217;any 2013, de manera que ambdues institucions ratifiquen i amplien el seu comprom\u00eds d&#8217;oferir ajuda legal i atenci\u00f3 social a les persones que es troben en situaci\u00f3 de vulnerabilitat especial i, aix\u00ed, tractar de donar resposta a les noves necessitats sorgides des de la signatura del primer acord.<\/p>\n<p>L&#8217;acord preveu que ICAIB i Creu Roja segueixin col\u00b7laborant en l&#8217;assessorament i la formaci\u00f3 jur\u00eddica al personal t\u00e8cnic laboral i voluntari de Creu Roja, mitjan\u00e7ant la programaci\u00f3 de sessions formatives sobre diferents mat\u00e8ries d&#8217;inter\u00e8s relacionades amb l&#8217;\u00e0mbit d&#8217;actuaci\u00f3 social en el qual interv\u00e9 aquesta organitzaci\u00f3 d&#8217;acci\u00f3 humanit\u00e0ria. La formaci\u00f3 ser\u00e0 prestada per advocats voluntaris.<\/p>\n<p>La col\u00b7laboraci\u00f3 s&#8217;est\u00e9n, a m\u00e9s, a la possibilitat de dur a terme assessoraments puntuals concrets, a trav\u00e9s de l&#8217;organitzaci\u00f3 de xerrades i \/ o tallers als usuaris de tres projectes de l&#8217;ONG: Creu Roja Joventut, Benestar Emocional i Servei de Suport i atenci\u00f3 Urgent a les Necessitats B\u00e0siques.<\/p>\n","protected":false},"excerpt":{"rendered":"<p>El deg\u00e0 Mart\u00edn Ale\u00f1ar i el president de Creu Roja  [&#8230;]<\/p>\n","protected":false},"author":1,"featured_media":26818,"comment_status":"closed","ping_status":"closed","sticky":false,"template":"","format":"standard","meta":{"footnotes":""},"categories":[33],"tags":[],"class_list":["post-26821","post","type-post","status-publish","format-standard","has-post-thumbnail","hentry","category-noticies-icaib"],"_links":{"self":[{"href":"https:\/\/www.icaib.org\/ca\/wp-json\/wp\/v2\/posts\/26821","targetHints":{"allow":["GET"]}}],"collection":[{"href":"https:\/\/www.icaib.org\/ca\/wp-json\/wp\/v2\/posts"}],"about":[{"href":"https:\/\/www.icaib.org\/ca\/wp-json\/wp\/v2\/types\/post"}],"author":[{"embeddable":true,"href":"https:\/\/www.icaib.org\/ca\/wp-json\/wp\/v2\/users\/1"}],"replies":[{"embeddable":true,"href":"https:\/\/www.icaib.org\/ca\/wp-json\/wp\/v2\/comments?post=26821"}],"version-history":[{"count":0,"href":"https:\/\/www.icaib.org\/ca\/wp-json\/wp\/v2\/posts\/26821\/revisions"}],"wp:featuredmedia":[{"embeddable":true,"href":"https:\/\/www.icaib.org\/ca\/wp-json\/wp\/v2\/media\/26818"}],"wp:attachment":[{"href":"https:\/\/www.icaib.org\/ca\/wp-json\/wp\/v2\/media?parent=26821"}],"wp:term":[{"taxonomy":"category","embeddable":true,"href":"https:\/\/www.icaib.org\/ca\/wp-json\/wp\/v2\/categories?post=26821"},{"taxonomy":"post_tag","embeddable":true,"href":"https:\/\/www.icaib.org\/ca\/wp-json\/wp\/v2\/tags?post=26821"}],"curies":[{"name":"wp","href":"https:\/\/api.w.org\/{rel}","templated":true}]}}