{"id":275594,"date":"2025-06-05T10:40:04","date_gmt":"2025-06-05T08:40:04","guid":{"rendered":"https:\/\/www.icaib.org\/?p=275594"},"modified":"2025-06-09T12:13:02","modified_gmt":"2025-06-09T10:13:02","slug":"important-consulti-que-ha-de-fer-pel-canvi-en-el-correu-electronic-de-domini-icaib-org","status":"publish","type":"post","link":"https:\/\/www.icaib.org\/ca\/important-consulti-que-ha-de-fer-pel-canvi-en-el-correu-electronic-de-domini-icaib-org\/","title":{"rendered":"IMPORTANT. Consulti qu\u00e8 ha de fer pel canvi en el correu electr\u00f2nic de domini @icaib.org"},"content":{"rendered":"<p>Tal i com s&#8217;ha informat en diferents circulars, l&#8217;1 de setembre es produiran canvis importants al correu electr\u00f2nic amb domini@icaib.org, com a conseq\u00fc\u00e8ncia de la finalitzaci\u00f3 del contracte de llic\u00e8ncies que mantenia el Consell General de l&#8217;Advocacia Espanyola amb Microsoft.<\/p>\n<p>No obstant aix\u00f2, l&#8217;ICAIB ofereix als col\u00b7legiats la possibilitat de mantenir el compte @icaib.org i part de les prestacions associades al correu (caracter\u00edstiques avan\u00e7ades d&#8217;eines col\u00b7laboratives i de productivitat, alta protecci\u00f3 contra amenaces, b\u00fastia de fins a 50 GB i altres funcionalitats) , si b\u00e9 aquest servei de manteniment tindr\u00e0 un cost de 40 euros cada any.<\/p>\n<p>Pel que fa als passos que els professionals amb aquest domini de correu han de fer, figuren els seg\u00fcents:<\/p>\n<p>\uf0fc <strong>BAIXA O MANTENIMENT DEL COMPTE A INTRANET<\/strong>. Tant els col\u00b7legiats que vulguin mantenir el compte de correu, com els que vulguin donar-se de baixa -que ser\u00e0 efectiva en data 1 de setembre de 2025-, ho poden fer a la Intranet col\u00b7legial fins al 31 d&#8217;agost de 2025, marcant l&#8217;opci\u00f3 que correspongui de les dues que surten a la pantalla de la intranet.<\/p>\n<p>Els qui optin per donar de baixa el correu, hauran de comunicar la nova adre\u00e7a de correu electr\u00f2nic, per a la guia col\u00b7legial, a secretaria@icaib.com.<\/p>\n<p>\uf0fc <strong>IMPORTANT: EXPORTACI\u00d3\/C\u00d2PIA DELS ARXIUS<\/strong>. A partir de l&#8217;1 de setembre, l&#8217;emmagatzematge al n\u00favol (OneDrive) deixar\u00e0 d&#8217;estar operatiu, per la qual cosa \u00e9s molt important que tots els col\u00b7legiats amb compte @icaib.org facin una c\u00f2pia de seguretat dels fitxers que tinguin emmagatzemats a One Drive. Tot i que el termini m\u00e0xim \u00e9s el 31 d&#8217;agost, es recomana als col\u00b7legiats que duguin a terme aquesta operaci\u00f3 abans d&#8217;aquesta data, per tal de garantir una migraci\u00f3 adequada dels fitxers.<br \/>\n<a href='https:\/\/www.icaib.org\/wp-content\/uploads\/2025\/06\/Manual-CGAE-Exportacion-de-Documentos-desde-OneDrive-de-Microsoft-365-a-Carpeta-Local-o-Disco-Duro-Externo-2.pdf' target='_blank'>\n                <i class='fas fa-link'><\/i> \n                <strong>GU\u00cdA EXPORTACI\u00d3N\/COPIA ARCHIVOS<\/strong>\n            <\/a><br\/><\/p>\n<p>Les persones interessades poden consultar m\u00e9s informaci\u00f3 a: <a href=\"https:\/\/www.abogacia.es\/site\/correoabogacia2025\/nuevoplan\/\">https:\/\/www.abogacia.es\/site\/correoabogacia2025\/nuevoplan\/<\/a><\/p>\n<p>Finalment, s&#8217;adjunta <a href='https:\/\/www.icaib.org\/wp-content\/uploads\/2025\/06\/Presetnacion-M365-Colegiados-1.pdf' target='_blank'>\n                <i class='fas fa-link'><\/i> \n                <strong>AQU\u00cd<\/strong>\n            <\/a><br\/> informaci\u00f3 sobre una oferta d&#8217;Ada Cloud per a aquells col\u00b7legiats que, amb independ\u00e8ncia que mantinguin o no el domini icaib, vulguin contractar personalment una llic\u00e8ncia de Microsoft 365.<\/p>\n","protected":false},"excerpt":{"rendered":"<p>Tal i com s&#8217;ha informat en diferents circulars, l&#8217;1 de  [&#8230;]<\/p>\n","protected":false},"author":13,"featured_media":0,"comment_status":"closed","ping_status":"closed","sticky":false,"template":"","format":"standard","meta":{"footnotes":""},"categories":[33],"tags":[],"class_list":["post-275594","post","type-post","status-publish","format-standard","hentry","category-noticies-icaib"],"_links":{"self":[{"href":"https:\/\/www.icaib.org\/ca\/wp-json\/wp\/v2\/posts\/275594","targetHints":{"allow":["GET"]}}],"collection":[{"href":"https:\/\/www.icaib.org\/ca\/wp-json\/wp\/v2\/posts"}],"about":[{"href":"https:\/\/www.icaib.org\/ca\/wp-json\/wp\/v2\/types\/post"}],"author":[{"embeddable":true,"href":"https:\/\/www.icaib.org\/ca\/wp-json\/wp\/v2\/users\/13"}],"replies":[{"embeddable":true,"href":"https:\/\/www.icaib.org\/ca\/wp-json\/wp\/v2\/comments?post=275594"}],"version-history":[{"count":0,"href":"https:\/\/www.icaib.org\/ca\/wp-json\/wp\/v2\/posts\/275594\/revisions"}],"wp:attachment":[{"href":"https:\/\/www.icaib.org\/ca\/wp-json\/wp\/v2\/media?parent=275594"}],"wp:term":[{"taxonomy":"category","embeddable":true,"href":"https:\/\/www.icaib.org\/ca\/wp-json\/wp\/v2\/categories?post=275594"},{"taxonomy":"post_tag","embeddable":true,"href":"https:\/\/www.icaib.org\/ca\/wp-json\/wp\/v2\/tags?post=275594"}],"curies":[{"name":"wp","href":"https:\/\/api.w.org\/{rel}","templated":true}]}}