{"id":276624,"date":"2025-06-16T11:54:26","date_gmt":"2025-06-16T09:54:26","guid":{"rendered":"https:\/\/www.icaib.org\/?p=276624"},"modified":"2025-06-23T10:33:30","modified_gmt":"2025-06-23T08:33:30","slug":"eulalia-brondo-i-pedro-fullana-barcelo-guanyen-el-x-concurs-de-relats-en-llengua-catalana","status":"publish","type":"post","link":"https:\/\/www.icaib.org\/ca\/eulalia-brondo-i-pedro-fullana-barcelo-guanyen-el-x-concurs-de-relats-en-llengua-catalana\/","title":{"rendered":"Eulalia Brondo i Pedro Fullana Barcel\u00f3 guanyen el X Concurs de relats en llengua catalana"},"content":{"rendered":"<p>La lletrada Eul\u00e0lia Brondo Petrus i el col\u00b7legiat Pedro Fullana Barcel\u00f3 han resultat guanyadors, respectivament, del primer i segon premi de la desena edici\u00f3 del Concurs de Relats Breus en llengua catalana convocat per l&#8217;ICAIB, a inst\u00e0ncies de la Comissi\u00f3 de Normalitzaci\u00f3 Ling\u00fc\u00edstica. <\/p>\n<p>Al Jurat no li va resultar f\u00e0cil triar entre els relats presentats, encara que, finalment, va optar per atorgar el primer premi al relat Estimada Sogra, escrit per Eul\u00e0lia Brondo, i el segon a la proposta La cena anual dels conceptes, de Pedro Fullana. <\/p>\n<p>En aquesta edici\u00f3, els autors dels relats, que han de versar sobre temes jur\u00eddics i tenir un m\u00e0xim de 300 paraules, havien d&#8217;incloure necess\u00e0riament les paraules<em> dot<\/em>,<em> sogra<\/em> i <em>nul\u00b7litat<\/em>.<\/p>\n<p>L&#8217;ICAIB agraeix a totes les persones que s&#8217;han presentat al concurs la seva participaci\u00f3 a l&#8217;edici\u00f3 de 2025 i transmet la seva felicitaci\u00f3 als guanyadors. Enhorabona!<\/p>\n<p><a href='https:\/\/www.icaib.org\/wp-content\/uploads\/2025\/06\/ESTIMADA-SOGRA.pdf' target='_blank'>\n                <i class='fas fa-link'><\/i> \n                <strong>ESTIMADA SOGRA<\/strong>\n            <\/a><br\/><br \/>\n<a href='https:\/\/www.icaib.org\/wp-content\/uploads\/2025\/06\/EL-SOPAR-ANUAL-DELS-CONCEPTES.pdf' target='_blank'>\n                <i class='fas fa-link'><\/i> \n                <strong>EL SOPAR ANUAL DELS CONCEPTES<\/strong>\n            <\/a><br\/><\/p>\n","protected":false},"excerpt":{"rendered":"<p>La lletrada Eul\u00e0lia Brondo Petrus i el col\u00b7legiat Pedro Fullana  [&#8230;]<\/p>\n","protected":false},"author":13,"featured_media":0,"comment_status":"closed","ping_status":"closed","sticky":false,"template":"","format":"standard","meta":{"footnotes":""},"categories":[33],"tags":[],"class_list":["post-276624","post","type-post","status-publish","format-standard","hentry","category-noticies-icaib"],"_links":{"self":[{"href":"https:\/\/www.icaib.org\/ca\/wp-json\/wp\/v2\/posts\/276624","targetHints":{"allow":["GET"]}}],"collection":[{"href":"https:\/\/www.icaib.org\/ca\/wp-json\/wp\/v2\/posts"}],"about":[{"href":"https:\/\/www.icaib.org\/ca\/wp-json\/wp\/v2\/types\/post"}],"author":[{"embeddable":true,"href":"https:\/\/www.icaib.org\/ca\/wp-json\/wp\/v2\/users\/13"}],"replies":[{"embeddable":true,"href":"https:\/\/www.icaib.org\/ca\/wp-json\/wp\/v2\/comments?post=276624"}],"version-history":[{"count":0,"href":"https:\/\/www.icaib.org\/ca\/wp-json\/wp\/v2\/posts\/276624\/revisions"}],"wp:attachment":[{"href":"https:\/\/www.icaib.org\/ca\/wp-json\/wp\/v2\/media?parent=276624"}],"wp:term":[{"taxonomy":"category","embeddable":true,"href":"https:\/\/www.icaib.org\/ca\/wp-json\/wp\/v2\/categories?post=276624"},{"taxonomy":"post_tag","embeddable":true,"href":"https:\/\/www.icaib.org\/ca\/wp-json\/wp\/v2\/tags?post=276624"}],"curies":[{"name":"wp","href":"https:\/\/api.w.org\/{rel}","templated":true}]}}