{"id":279955,"date":"2025-07-23T09:10:49","date_gmt":"2025-07-23T07:10:49","guid":{"rendered":"https:\/\/www.icaib.org\/?p=279955"},"modified":"2025-07-23T09:10:49","modified_gmt":"2025-07-23T07:10:49","slug":"innocencia-culpable-al-numero-146-de-misser","status":"publish","type":"post","link":"https:\/\/www.icaib.org\/ca\/innocencia-culpable-al-numero-146-de-misser\/","title":{"rendered":"\u201cInnoc\u00e8ncia culpable\u201d, al n\u00famero 146 de <em>Miss\u00e8r<\/em>"},"content":{"rendered":"<p>Innoc\u00e8ncia culpable \u00e9s el t\u00edtol de la portada del n\u00famero 146 de <em>Miss\u00e8r<\/em>, on parlem d&#8217;una realitat preocupant protagonitzada per l&#8217;increment dels delictes comesos per menors. Qu\u00e8 est\u00e0 passant? No hi ha un perfil de menor infractor, per\u00f2 s\u00ed factors de risc, destaquen els experts. Entre tots ells, coincideixen a l&#8217;un\u00edson els professionals consultats per <em>Miss\u00e8r<\/em>, destaca el mal \u00fas i l&#8217;acc\u00e9s a contingut inadequat a les xarxes i Internet. Qu\u00e8 es pot fer per revertir la tend\u00e8ncia? Fiscals, advocats, psic\u00f2legs, educadors socials i altres professionals comparteixen les seves reflexions sobre aix\u00f2 i lamenten, alhora, la manca de recursos per posar algunes mesures en marxa. <\/p>\n<p>A les p\u00e0gines de <em>Miss\u00e8<\/em>r trobarem tamb\u00e9 ressenyes de les festes col\u00b7legials celebrades a les seus de Manacor, Menorca i Palma i un resum d\u2019all\u00f2 que va passar al Col\u00b7legi el 2024. Donem compte, a m\u00e9s, del nou reglament d&#8217;empara aprovat pel Ple d&#8217;Advocacia Espanyola; del comprom\u00eds de l&#8217;Eurocambra per avan\u00e7ar en l&#8217;an\u00e0lisi de la situaci\u00f3 dels mutualistes; de l&#8217;homenatge organitzat per celebrar l&#8217;exist\u00e8ncia d&#8217;una advocacia imprescindible, com ara la d&#8217;ofici; del risc d&#8217;exclusi\u00f3 en l&#8217;acc\u00e9s a la just\u00edcia que aguaita els justiciables; de l&#8217;acord de la Junta de Govern de concedir a Santiago Cavanillas el premi Deg\u00e0 Miquel Frontera a l&#8217;\u00e8tica jur\u00eddica; i dels nous serveis activats per l&#8217;ICAIB. <\/p>\n<p>El n\u00famero 146 compta amb les firmes de Jaime Florit a la secci\u00f3 d&#8217;<em>Opini\u00f3<\/em> i de Pedro Munar a <em>Les p\u00e0gines de l&#8217;Acad\u00e8mia<\/em>. Fidels a la seva cita, tamb\u00e9, les seccions <em>Mots a la barra <\/em>i <em>Amb la v\u00e8nia<\/em>, una secci\u00f3 pensada per provocar un somriure. <\/p>\n<p>Passeu i llegiu\u2026 <a href='https:\/\/www.icaib.org\/wp-content\/uploads\/2025\/07\/Revista-Misser-146-pliegos.pdf' target='_blank'>\n                <i class='fas fa-link'><\/i> \n                <strong>Miss\u00e8r 146<\/strong>\n            <\/a><br\/><\/p>\n","protected":false},"excerpt":{"rendered":"<p>Innoc\u00e8ncia culpable \u00e9s el t\u00edtol de la portada del n\u00famero  [&#8230;]<\/p>\n","protected":false},"author":13,"featured_media":279953,"comment_status":"closed","ping_status":"closed","sticky":false,"template":"","format":"standard","meta":{"footnotes":""},"categories":[33],"tags":[],"class_list":["post-279955","post","type-post","status-publish","format-standard","has-post-thumbnail","hentry","category-noticies-icaib"],"_links":{"self":[{"href":"https:\/\/www.icaib.org\/ca\/wp-json\/wp\/v2\/posts\/279955","targetHints":{"allow":["GET"]}}],"collection":[{"href":"https:\/\/www.icaib.org\/ca\/wp-json\/wp\/v2\/posts"}],"about":[{"href":"https:\/\/www.icaib.org\/ca\/wp-json\/wp\/v2\/types\/post"}],"author":[{"embeddable":true,"href":"https:\/\/www.icaib.org\/ca\/wp-json\/wp\/v2\/users\/13"}],"replies":[{"embeddable":true,"href":"https:\/\/www.icaib.org\/ca\/wp-json\/wp\/v2\/comments?post=279955"}],"version-history":[{"count":0,"href":"https:\/\/www.icaib.org\/ca\/wp-json\/wp\/v2\/posts\/279955\/revisions"}],"wp:featuredmedia":[{"embeddable":true,"href":"https:\/\/www.icaib.org\/ca\/wp-json\/wp\/v2\/media\/279953"}],"wp:attachment":[{"href":"https:\/\/www.icaib.org\/ca\/wp-json\/wp\/v2\/media?parent=279955"}],"wp:term":[{"taxonomy":"category","embeddable":true,"href":"https:\/\/www.icaib.org\/ca\/wp-json\/wp\/v2\/categories?post=279955"},{"taxonomy":"post_tag","embeddable":true,"href":"https:\/\/www.icaib.org\/ca\/wp-json\/wp\/v2\/tags?post=279955"}],"curies":[{"name":"wp","href":"https:\/\/api.w.org\/{rel}","templated":true}]}}