{"id":283639,"date":"2025-09-12T11:36:26","date_gmt":"2025-09-12T09:36:26","guid":{"rendered":"https:\/\/www.icaib.org\/?p=283639"},"modified":"2025-09-12T11:36:26","modified_gmt":"2025-09-12T09:36:26","slug":"el-consell-de-mallorca-reconeix-la-tasca-de-ladvocacia-del-to-i-insta-justicia-a-garantir-amb-urgencia-lacces-gratuit-dels-beneficiaris-als-masc","status":"publish","type":"post","link":"https:\/\/www.icaib.org\/ca\/el-consell-de-mallorca-reconeix-la-tasca-de-ladvocacia-del-to-i-insta-justicia-a-garantir-amb-urgencia-lacces-gratuit-dels-beneficiaris-als-masc\/","title":{"rendered":"El Consell de Mallorca reconeix la tasca de l&#8217;advocacia del TO i insta Just\u00edcia a garantir amb urg\u00e8ncia l&#8217;acc\u00e9s gratu\u00eft dels beneficiaris als MASC"},"content":{"rendered":"<p>En data 11 de setembre de 2025, els membres del Ple del Consell de Mallorca han aprovat per unanimitat una moci\u00f3 que reconeix la tasca que duen a terme els professionals del torn d\u2019ofici a les illes i que recull les reivindicacions hist\u00f2riques del col\u00b7lectiu. <\/p>\n<p>La sessi\u00f3 plen\u00e0ria ha comptat amb la intervenci\u00f3 pr\u00e8via de la vicedegana de l&#8217;ICAIB, que ha estat convidada a exposar les principals reclamacions dels lletrats del torn i ha posat de manifest la preocupaci\u00f3 dels professionals que presten aquest servei pel \u201cseri\u00f3s risc d&#8217;exclusi\u00f3 de la Just\u00edcia\u201d que planeja sobre els beneficiaris de la just\u00edcia gratu\u00efta per les dificultats 1\/2025 que presenten per complir amb el requisit obligat de procedibilitat establert a la Llei 1\/2025 i en vigor des del 3 d\u2019abril de 2025. En aquest sentit, Carmen L\u00f3pez Gonz\u00e1lez ha reiterat la den\u00fancia de l&#8217;advocacia en el sentit que en aquests cinc mesos de vigor de la mesura, el Ministeri de Just\u00edcia no ha previst cap sistema perqu\u00e8 els justiciables puguin accedir a algun dels M\u00e8todes Alternatius de Soluci\u00f3 de Controv\u00e8rsies (MASC) sense cap cost per a ells ni ha fixat en barem cap quantia per compensar als lletrats del torn en cas que siguin ells els qui assoleixin aquest proc\u00e9s de negociaci\u00f3 extrajudicial pr\u00e8via.<\/p>\n<p>La moci\u00f3, que ha estat presentada pel grup del Partit Popular i que ha rebut el suport un\u00e0nime de la resta dels grups de la instituci\u00f3 (El PI-Proposta per les Illes, Grup Socialista, M\u00e9s per Mallorca i Vox Mallorca), cont\u00e9 quatre acords en qu\u00e8, a m\u00e9s d&#8217;agrair \u201cel comprom\u00eds de l&#8217;advocacia d&#8217;ofici amb la defensa i la garantia dels drets, s\u2019insta el Ministeri a: <\/p>\n<p>\u2022 garantir una dotaci\u00f3 econ\u00f2mica suficient i estable per al servei de just\u00edcia gratu\u00efta, que cobreixi totes les actuacions des del moment que el lletrat assumeix la defensa i que inclogui l&#8217;assessorament previ, els actes de negociaci\u00f3 extrajudicial i qualsevol intervenci\u00f3 professional exigida legalment; <\/p>\n<p>\u2022 habilitar amb car\u00e0cter urgent un sistema que garanteixi l&#8217;acc\u00e9s als MASC sense cap cost per a les persones benefici\u00e0ries de la just\u00edcia gratu\u00efta; i <\/p>\n<p>\u2022 corregir el greuge comparatiu entre comunitats aut\u00f2nomes i actualitzar els barems econ\u00f2mics, aix\u00ed com establir-ne un d&#8217;espec\u00edfic per a les noves exig\u00e8ncies derivades de la Llei 1\/2025.<\/p>\n","protected":false},"excerpt":{"rendered":"<p>En data 11 de setembre de 2025, els membres del  [&#8230;]<\/p>\n","protected":false},"author":13,"featured_media":0,"comment_status":"closed","ping_status":"closed","sticky":false,"template":"","format":"standard","meta":{"footnotes":""},"categories":[33,43],"tags":[],"class_list":["post-283639","post","type-post","status-publish","format-standard","hentry","category-noticies-icaib","category-noticies-torn-ofici"],"_links":{"self":[{"href":"https:\/\/www.icaib.org\/ca\/wp-json\/wp\/v2\/posts\/283639","targetHints":{"allow":["GET"]}}],"collection":[{"href":"https:\/\/www.icaib.org\/ca\/wp-json\/wp\/v2\/posts"}],"about":[{"href":"https:\/\/www.icaib.org\/ca\/wp-json\/wp\/v2\/types\/post"}],"author":[{"embeddable":true,"href":"https:\/\/www.icaib.org\/ca\/wp-json\/wp\/v2\/users\/13"}],"replies":[{"embeddable":true,"href":"https:\/\/www.icaib.org\/ca\/wp-json\/wp\/v2\/comments?post=283639"}],"version-history":[{"count":1,"href":"https:\/\/www.icaib.org\/ca\/wp-json\/wp\/v2\/posts\/283639\/revisions"}],"predecessor-version":[{"id":283640,"href":"https:\/\/www.icaib.org\/ca\/wp-json\/wp\/v2\/posts\/283639\/revisions\/283640"}],"wp:attachment":[{"href":"https:\/\/www.icaib.org\/ca\/wp-json\/wp\/v2\/media?parent=283639"}],"wp:term":[{"taxonomy":"category","embeddable":true,"href":"https:\/\/www.icaib.org\/ca\/wp-json\/wp\/v2\/categories?post=283639"},{"taxonomy":"post_tag","embeddable":true,"href":"https:\/\/www.icaib.org\/ca\/wp-json\/wp\/v2\/tags?post=283639"}],"curies":[{"name":"wp","href":"https:\/\/api.w.org\/{rel}","templated":true}]}}