{"id":285133,"date":"2025-09-29T12:13:26","date_gmt":"2025-09-29T10:13:26","guid":{"rendered":"https:\/\/www.icaib.org\/?p=285133"},"modified":"2025-09-29T12:13:26","modified_gmt":"2025-09-29T10:13:26","slug":"oferta-exclusiva-de-lasseguranca-salud-abogacia-per-a-col%c2%b7legiats","status":"publish","type":"post","link":"https:\/\/www.icaib.org\/ca\/oferta-exclusiva-de-lasseguranca-salud-abogacia-per-a-col%c2%b7legiats\/","title":{"rendered":"Oferta exclusiva de l&#8217;asseguran\u00e7a <em>Salud Abogac\u00eda<\/em> per a col\u00b7legiats"},"content":{"rendered":"<p>Adjuntem al final d&#8217;aquestes l\u00ednies informaci\u00f3 de la nova campanya <em>Salud Abogac\u00eda<\/em> activada per Nueva Mutua Sanitaria, que cont\u00e9 beneficis exclusius i condicions avantatjoses per als col\u00b7legiats de l&#8217;ICAIB.<\/p>\n<p>La campanya estar\u00e0 vigent fins a l&#8217;1 de novembre del 2025 i inclou, entre altres q\u00fcestions, una asseguran\u00e7a amb deu per cent de descompte i sense mancances i primes especials amb trams d&#8217;edat redu\u00efts.<\/p>\n<p>Les persones interessades a obtenir m\u00e9s informaci\u00f3 i\/o subscriure l&#8217;asseguran\u00e7a poden contactar amb un gestor personal al tel\u00e8fon 91 290 90 90 o al correu electr\u00f2nic comercial@novamutuasanitaria.es.<\/p>\n<a href='https:\/\/www.icaib.org\/wp-content\/uploads\/2025\/09\/Ilustre-Colegio-de-Abogados-Baleares-10_-dto-Sin-carencias-1.pdf' target='_blank'>\n                <i class='fas fa-link'><\/i> \n                <strong>Seguro Salud Abogac\u00eda<\/strong>\n            <\/a><br\/>\n","protected":false},"excerpt":{"rendered":"<p>Adjuntem al final d&#8217;aquestes l\u00ednies informaci\u00f3 de la nova campanya  [&#8230;]<\/p>\n","protected":false},"author":13,"featured_media":0,"comment_status":"closed","ping_status":"closed","sticky":false,"template":"","format":"standard","meta":{"footnotes":""},"categories":[57],"tags":[],"class_list":["post-285133","post","type-post","status-publish","format-standard","hentry","category-ofertes-especials"],"_links":{"self":[{"href":"https:\/\/www.icaib.org\/ca\/wp-json\/wp\/v2\/posts\/285133","targetHints":{"allow":["GET"]}}],"collection":[{"href":"https:\/\/www.icaib.org\/ca\/wp-json\/wp\/v2\/posts"}],"about":[{"href":"https:\/\/www.icaib.org\/ca\/wp-json\/wp\/v2\/types\/post"}],"author":[{"embeddable":true,"href":"https:\/\/www.icaib.org\/ca\/wp-json\/wp\/v2\/users\/13"}],"replies":[{"embeddable":true,"href":"https:\/\/www.icaib.org\/ca\/wp-json\/wp\/v2\/comments?post=285133"}],"version-history":[{"count":1,"href":"https:\/\/www.icaib.org\/ca\/wp-json\/wp\/v2\/posts\/285133\/revisions"}],"predecessor-version":[{"id":285136,"href":"https:\/\/www.icaib.org\/ca\/wp-json\/wp\/v2\/posts\/285133\/revisions\/285136"}],"wp:attachment":[{"href":"https:\/\/www.icaib.org\/ca\/wp-json\/wp\/v2\/media?parent=285133"}],"wp:term":[{"taxonomy":"category","embeddable":true,"href":"https:\/\/www.icaib.org\/ca\/wp-json\/wp\/v2\/categories?post=285133"},{"taxonomy":"post_tag","embeddable":true,"href":"https:\/\/www.icaib.org\/ca\/wp-json\/wp\/v2\/tags?post=285133"}],"curies":[{"name":"wp","href":"https:\/\/api.w.org\/{rel}","templated":true}]}}