{"id":291008,"date":"2025-12-15T11:50:38","date_gmt":"2025-12-15T10:50:38","guid":{"rendered":"https:\/\/www.icaib.org\/?p=291008"},"modified":"2025-12-16T09:03:14","modified_gmt":"2025-12-16T08:03:14","slug":"acord-ap-balears-unificacio-de-criteris-sobre-questions-plantejades-als-recursos-en-materia-de-masc","status":"publish","type":"post","link":"https:\/\/www.icaib.org\/ca\/acord-ap-balears-unificacio-de-criteris-sobre-questions-plantejades-als-recursos-en-materia-de-masc\/","title":{"rendered":"Acord AP Balears: unificaci\u00f3 de criteris sobre q\u00fcestions plantejades als recursos en mat\u00e8ria de MASC"},"content":{"rendered":"<p>S&#8217;adjunta al final d&#8217;aquestes l\u00ednies l&#8217;acord adoptat pel Ple de magistrats de l&#8217;ordre civil de l&#8217;Audi\u00e8ncia Provincial de les Illes Balears, d&#8217;unificaci\u00f3 de criteris, despr\u00e9s de l&#8217;an\u00e0lisi de les q\u00fcestions plantejades als recursos en mat\u00e8ria de MASC.<\/p>\n<p>Entre altres q\u00fcestions, els magistrats acorden unificar criteris en relaci\u00f3 amb la prova de recepci\u00f3; aix\u00ed com en els casos d&#8217;oferta vinculant confidencial, en qu\u00e8, diuen, \u201cs&#8217;haur\u00e0 de fer refer\u00e8ncia a la identitat de l&#8217;oferent, la data i la recepci\u00f3, per\u00f2 sense donar detall del contingut de l&#8217;oferta en ser confidencial (\u2026)\u201d.<\/p>\n<p>Pel que fa als sup\u00f2sits de demanda interposada despr\u00e9s de l&#8217;entrada en vigor de la LO 1\/2025, per\u00f2 en la qu\u00e8 amb anterioritat a l&#8217;entrada en vigor de la norma ja s&#8217;havia accedit a un mitj\u00e0 adequat de soluci\u00f3 de controv\u00e8rsies dels previstos a l&#8217;article 2 de la llei, els magistrats entendran complert el requisit de procedibilitat.<\/p>\n<a href='https:\/\/www.icaib.org\/wp-content\/uploads\/2025\/12\/acuerdo-adoptado-por-pleno-magistrados-as-orden-civil-25-11-25.pdf' target='_blank'>\n                <i class='fas fa-link'><\/i> \n                <strong>Acuerdo pleno magistrados-as orden civil<\/strong>\n            <\/a><br\/>\n","protected":false},"excerpt":{"rendered":"<p>S&#8217;adjunta al final d&#8217;aquestes l\u00ednies l&#8217;acord adoptat pel Ple de  [&#8230;]<\/p>\n","protected":false},"author":13,"featured_media":0,"comment_status":"closed","ping_status":"closed","sticky":false,"template":"","format":"standard","meta":{"footnotes":""},"categories":[33],"tags":[108],"class_list":["post-291008","post","type-post","status-publish","format-standard","hentry","category-noticies-icaib","tag-criteris"],"_links":{"self":[{"href":"https:\/\/www.icaib.org\/ca\/wp-json\/wp\/v2\/posts\/291008","targetHints":{"allow":["GET"]}}],"collection":[{"href":"https:\/\/www.icaib.org\/ca\/wp-json\/wp\/v2\/posts"}],"about":[{"href":"https:\/\/www.icaib.org\/ca\/wp-json\/wp\/v2\/types\/post"}],"author":[{"embeddable":true,"href":"https:\/\/www.icaib.org\/ca\/wp-json\/wp\/v2\/users\/13"}],"replies":[{"embeddable":true,"href":"https:\/\/www.icaib.org\/ca\/wp-json\/wp\/v2\/comments?post=291008"}],"version-history":[{"count":1,"href":"https:\/\/www.icaib.org\/ca\/wp-json\/wp\/v2\/posts\/291008\/revisions"}],"predecessor-version":[{"id":291010,"href":"https:\/\/www.icaib.org\/ca\/wp-json\/wp\/v2\/posts\/291008\/revisions\/291010"}],"wp:attachment":[{"href":"https:\/\/www.icaib.org\/ca\/wp-json\/wp\/v2\/media?parent=291008"}],"wp:term":[{"taxonomy":"category","embeddable":true,"href":"https:\/\/www.icaib.org\/ca\/wp-json\/wp\/v2\/categories?post=291008"},{"taxonomy":"post_tag","embeddable":true,"href":"https:\/\/www.icaib.org\/ca\/wp-json\/wp\/v2\/tags?post=291008"}],"curies":[{"name":"wp","href":"https:\/\/api.w.org\/{rel}","templated":true}]}}