{"id":29115,"date":"2017-10-24T08:52:41","date_gmt":"2017-10-24T06:52:41","guid":{"rendered":"https:\/\/www.icaib.org\/?p=29115"},"modified":"2017-10-24T08:53:49","modified_gmt":"2017-10-24T06:53:49","slug":"ladvocacia-espanyola-recorre-davant-del-ts-lacord-del-poder-judicial-que-permet-la-cessio-massiva-de-dades-dadvocats-a-lagencia-tributaria","status":"publish","type":"post","link":"https:\/\/www.icaib.org\/ca\/ladvocacia-espanyola-recorre-davant-del-ts-lacord-del-poder-judicial-que-permet-la-cessio-massiva-de-dades-dadvocats-a-lagencia-tributaria\/","title":{"rendered":"L&#8217;Advocacia Espanyola recorre davant del TS l&#8217;acord del poder judicial que permet la cessi\u00f3 massiva de dades d&#8217;advocats a l&#8217;Ag\u00e8ncia Tribut\u00e0ria"},"content":{"rendered":"<p>El Consell General de l&#8217;Advocacia Espanyola ha presentat davant la Sala Tercera del Contenci\u00f3s-Administratiu del Tribunal Suprem un recurs contra l&#8217;acord del Consell General del Poder Judicial que permet la cessi\u00f3 a l&#8217;Ag\u00e8ncia Estatal de l&#8217;Administraci\u00f3 Tribut\u00e0ria (AEAT) d&#8217;informaci\u00f3 sobre la participaci\u00f3 d&#8217;advocats i procuradors en els m\u00e9s de 23 milions de procediments judicials tramitats durant els anys 2014, 2015 i 2016.<\/p>\n<p>Al parer de l&#8217;Advocacia Espanyola, la sol\u00b7licitud de dades de l&#8217;AEAT -que inclou la identificaci\u00f3 de l&#8217;advocat intervinent amb indicaci\u00f3 de nom complet, NIF, n\u00famero de col\u00b7legiat, les dates d&#8217;inici i de cessament del procediment, la naturalesa d&#8217;aquest, el jutjat o tribunal on s&#8217;ha celebrat, la localitat i l&#8217;import de cada procediment judicial- vulnera el dret a la protecci\u00f3 de dades de car\u00e0cter personal de tots i cadascun dels advocats afectats.<\/p>\n<p>El Consell General de l&#8217;Advocacia Espanyola ha demanat al Tribunal Suprem la suspensi\u00f3 cautelar de l&#8217;acord de 20 de juliol de 2017 del CGPJ amb la finalitat d&#8217;impedir la vulneraci\u00f3 del dret fonamental a la protecci\u00f3 de dades dels advocats afectats pel requeriment de l&#8217;AEAT .<\/p>\n<p>Segons el parer d&#8217;Advocacia Espanyola, l&#8217;acord del CGPJ impugnat &#8220;sembra de forma indiscriminada i injustificada la sospita sobre l&#8217;actuaci\u00f3 dels 150.000 advocats col\u00b7legiats amb una recollida de dades generalitzada que tampoc no especifica la finalitat concreta&#8221;. A m\u00e9s, s&#8217;afegeix des del CGAE, &#8220;la cessi\u00f3 de dades a l&#8217;AEAT vulnera el principi de qualitat previst en la normativa vigent que exigeix que les dades subjectes a tractament han de ser adequades, pertinents i no excessives per a la finalitat perseguida&#8221;.<\/p>\n","protected":false},"excerpt":{"rendered":"<p>El Consell General de l&#8217;Advocacia Espanyola ha presentat davant la  [&#8230;]<\/p>\n","protected":false},"author":1,"featured_media":0,"comment_status":"closed","ping_status":"closed","sticky":false,"template":"","format":"standard","meta":{"footnotes":""},"categories":[33],"tags":[],"class_list":["post-29115","post","type-post","status-publish","format-standard","hentry","category-noticies-icaib"],"_links":{"self":[{"href":"https:\/\/www.icaib.org\/ca\/wp-json\/wp\/v2\/posts\/29115","targetHints":{"allow":["GET"]}}],"collection":[{"href":"https:\/\/www.icaib.org\/ca\/wp-json\/wp\/v2\/posts"}],"about":[{"href":"https:\/\/www.icaib.org\/ca\/wp-json\/wp\/v2\/types\/post"}],"author":[{"embeddable":true,"href":"https:\/\/www.icaib.org\/ca\/wp-json\/wp\/v2\/users\/1"}],"replies":[{"embeddable":true,"href":"https:\/\/www.icaib.org\/ca\/wp-json\/wp\/v2\/comments?post=29115"}],"version-history":[{"count":0,"href":"https:\/\/www.icaib.org\/ca\/wp-json\/wp\/v2\/posts\/29115\/revisions"}],"wp:attachment":[{"href":"https:\/\/www.icaib.org\/ca\/wp-json\/wp\/v2\/media?parent=29115"}],"wp:term":[{"taxonomy":"category","embeddable":true,"href":"https:\/\/www.icaib.org\/ca\/wp-json\/wp\/v2\/categories?post=29115"},{"taxonomy":"post_tag","embeddable":true,"href":"https:\/\/www.icaib.org\/ca\/wp-json\/wp\/v2\/tags?post=29115"}],"curies":[{"name":"wp","href":"https:\/\/api.w.org\/{rel}","templated":true}]}}