{"id":294829,"date":"2026-03-04T09:25:05","date_gmt":"2026-03-04T08:25:05","guid":{"rendered":"https:\/\/www.icaib.org\/?p=294829"},"modified":"2026-03-04T09:25:05","modified_gmt":"2026-03-04T08:25:05","slug":"seminari-aija-sobre-lideratge","status":"publish","type":"post","link":"https:\/\/www.icaib.org\/ca\/seminari-aija-sobre-lideratge\/","title":{"rendered":"Seminari AIJA sobre lideratge"},"content":{"rendered":"<p>L&#8217;Associaci\u00f3 Internacional de Joves Advocats organitza aquest seminari sobre salut mental i lideratge en l&#8217;advocacia i dirigit especialment a advocats de parla alemanya.<\/p>\n<p>L&#8217;activitat tindr\u00e0 lloc a Palma del 16 al 18 d&#8217;abril.<\/p>\n<p>M\u00e9s informaci\u00f3 en l&#8217;enlla\u00e7 web: <a href=\"https:\/\/www.aija.org\/event-detail\/840\">https:\/\/www.aija.org\/event-detail\/840<\/a><\/p>\n","protected":false},"excerpt":{"rendered":"<p>L&#8217;Associaci\u00f3 Internacional de Joves Advocats organitza aquest seminari sobre salut  [&#8230;]<\/p>\n","protected":false},"author":13,"featured_media":0,"comment_status":"closed","ping_status":"closed","sticky":false,"template":"","format":"standard","meta":{"footnotes":""},"categories":[39],"tags":[],"class_list":["post-294829","post","type-post","status-publish","format-standard","hentry","category-noticias-circular-cat"],"_links":{"self":[{"href":"https:\/\/www.icaib.org\/ca\/wp-json\/wp\/v2\/posts\/294829","targetHints":{"allow":["GET"]}}],"collection":[{"href":"https:\/\/www.icaib.org\/ca\/wp-json\/wp\/v2\/posts"}],"about":[{"href":"https:\/\/www.icaib.org\/ca\/wp-json\/wp\/v2\/types\/post"}],"author":[{"embeddable":true,"href":"https:\/\/www.icaib.org\/ca\/wp-json\/wp\/v2\/users\/13"}],"replies":[{"embeddable":true,"href":"https:\/\/www.icaib.org\/ca\/wp-json\/wp\/v2\/comments?post=294829"}],"version-history":[{"count":1,"href":"https:\/\/www.icaib.org\/ca\/wp-json\/wp\/v2\/posts\/294829\/revisions"}],"predecessor-version":[{"id":294830,"href":"https:\/\/www.icaib.org\/ca\/wp-json\/wp\/v2\/posts\/294829\/revisions\/294830"}],"wp:attachment":[{"href":"https:\/\/www.icaib.org\/ca\/wp-json\/wp\/v2\/media?parent=294829"}],"wp:term":[{"taxonomy":"category","embeddable":true,"href":"https:\/\/www.icaib.org\/ca\/wp-json\/wp\/v2\/categories?post=294829"},{"taxonomy":"post_tag","embeddable":true,"href":"https:\/\/www.icaib.org\/ca\/wp-json\/wp\/v2\/tags?post=294829"}],"curies":[{"name":"wp","href":"https:\/\/api.w.org\/{rel}","templated":true}]}}