{"id":295149,"date":"2026-03-09T10:40:45","date_gmt":"2026-03-09T09:40:45","guid":{"rendered":"https:\/\/www.icaib.org\/?p=295149"},"modified":"2026-03-09T10:44:32","modified_gmt":"2026-03-09T09:44:32","slug":"dia-internacional-de-la-dona-manifest-dadvocacia-espanyola-per-la-igualtat","status":"publish","type":"post","link":"https:\/\/www.icaib.org\/ca\/dia-internacional-de-la-dona-manifest-dadvocacia-espanyola-per-la-igualtat\/","title":{"rendered":"Dia Internacional de la Dona. Manifest de l&#8217;Advocacia Espanyola per la igualtat"},"content":{"rendered":"<p>S&#8217;adjunta al final d&#8217;aquestes l\u00ednies el Manifest que, amb ocasi\u00f3 del 8M, Dia Internacional de la Dona, va fer p\u00fablic el Consell General de l&#8217;Advocacia Espanyola. En el document es reafirma l&#8217;aposta per la igualtat com \u201cl&#8217;ess\u00e8ncia d&#8217;una societat lliure i democr\u00e0tica\u201d i com \u201cl&#8217;eix vertebrador de la nostra tasca com a professionals de l&#8217;advocacia\u201d i s&#8217;insisteix que \u201cLa paritat ha de continuar avan\u00e7ant als deganats i als \u00f2rgans de govern de les diferents institucions i empreses\u201d.<\/p>\n<a href='https:\/\/www.icaib.org\/wp-content\/uploads\/2026\/03\/Manifiesto-por-la-Igualdad-2026.pdf' target='_blank'>\n                <i class='fas fa-link'><\/i> \n                <strong>Manifiesto por la Igualdad 2026<\/strong>\n            <\/a><br\/>\n","protected":false},"excerpt":{"rendered":"<p>S&#8217;adjunta al final d&#8217;aquestes l\u00ednies el Manifest que, amb ocasi\u00f3  [&#8230;]<\/p>\n","protected":false},"author":13,"featured_media":0,"comment_status":"closed","ping_status":"closed","sticky":false,"template":"","format":"standard","meta":{"footnotes":""},"categories":[39],"tags":[],"class_list":["post-295149","post","type-post","status-publish","format-standard","hentry","category-noticias-circular-cat"],"_links":{"self":[{"href":"https:\/\/www.icaib.org\/ca\/wp-json\/wp\/v2\/posts\/295149","targetHints":{"allow":["GET"]}}],"collection":[{"href":"https:\/\/www.icaib.org\/ca\/wp-json\/wp\/v2\/posts"}],"about":[{"href":"https:\/\/www.icaib.org\/ca\/wp-json\/wp\/v2\/types\/post"}],"author":[{"embeddable":true,"href":"https:\/\/www.icaib.org\/ca\/wp-json\/wp\/v2\/users\/13"}],"replies":[{"embeddable":true,"href":"https:\/\/www.icaib.org\/ca\/wp-json\/wp\/v2\/comments?post=295149"}],"version-history":[{"count":2,"href":"https:\/\/www.icaib.org\/ca\/wp-json\/wp\/v2\/posts\/295149\/revisions"}],"predecessor-version":[{"id":295155,"href":"https:\/\/www.icaib.org\/ca\/wp-json\/wp\/v2\/posts\/295149\/revisions\/295155"}],"wp:attachment":[{"href":"https:\/\/www.icaib.org\/ca\/wp-json\/wp\/v2\/media?parent=295149"}],"wp:term":[{"taxonomy":"category","embeddable":true,"href":"https:\/\/www.icaib.org\/ca\/wp-json\/wp\/v2\/categories?post=295149"},{"taxonomy":"post_tag","embeddable":true,"href":"https:\/\/www.icaib.org\/ca\/wp-json\/wp\/v2\/tags?post=295149"}],"curies":[{"name":"wp","href":"https:\/\/api.w.org\/{rel}","templated":true}]}}