{"id":295171,"date":"2026-03-12T07:44:27","date_gmt":"2026-03-12T06:44:27","guid":{"rendered":"https:\/\/www.icaib.org\/?p=295171"},"modified":"2026-03-12T07:44:57","modified_gmt":"2026-03-12T06:44:57","slug":"criteri-del-ministeri-sobre-labonament-de-les-actuacions-dels-advocats-dofici-en-els-masc-mentres-que-no-es-publiquin-els-barems-nous","status":"publish","type":"post","link":"https:\/\/www.icaib.org\/ca\/criteri-del-ministeri-sobre-labonament-de-les-actuacions-dels-advocats-dofici-en-els-masc-mentres-que-no-es-publiquin-els-barems-nous\/","title":{"rendered":"Criteri del Ministeri sobre l&#8217;abonament de les actuacions dels advocats d&#8217;ofici en els MASC, mentres no es publiquin els barems nous"},"content":{"rendered":"<p>El president de la Comissi\u00f3 d&#8217;Assist\u00e8ncia Jur\u00eddica Gratu\u00efta del Consell General de l&#8217;Advocacia Espanyola ha comunicat que el Ministeri de Presid\u00e8ncia, Just\u00edcia i Relacions amb les Corts els ha informat que fins que no es publiqui el Reglament que inclour\u00e0 els nous barems del torn d&#8217;ofici &#8211; entre els quals figurar\u00e0 l&#8217;assist\u00e8ncia en els MASC-, el criteri que emprar\u00e0 per a l&#8217;abonament de les actuacions en els MASC, com a requisit de procedibilidad, ser\u00e0 el seg\u00fcent: \u201csi hi ha acord, s&#8217;abonar\u00e0 amb el barem de \u2018Transaccions extrajudicials\u2019, \u00e9s a dir, el 75% de la quantia aplicable al procediment de qu\u00e8 es tracti (procediment que s&#8217;ha evitat amb l&#8217;acord: divorci mutu acord, judici verbal, ordinari, etc.)\u201d. No obstant aix\u00f2, en cas que no hi hagi acord, el Ministeri \u201cseguir\u00e0 sense abonar res, havent d&#8217;esperar a la publicaci\u00f3 de la citada modificaci\u00f3 del Reglament\u201d.<\/p>\n<p>Des de l\u2019Advocacia Espanyola han reiterat al Ministeri \u201cla necessitat que aquestes situacions s&#8217;aclareixin i que es promulguin de manera immediata els nous barems\u201d. No obstant aix\u00f2, s&#8217;informa els col\u00b7legiats de quin criteri ministerial s&#8217;emprar\u00e0 fins llavors, a fi que els lletrats puguin tenir-ho en compte en les seves justificacions<\/p>\n","protected":false},"excerpt":{"rendered":"<p>El president de la Comissi\u00f3 d&#8217;Assist\u00e8ncia Jur\u00eddica Gratu\u00efta del Consell  [&#8230;]<\/p>\n","protected":false},"author":13,"featured_media":0,"comment_status":"closed","ping_status":"closed","sticky":false,"template":"","format":"standard","meta":{"footnotes":""},"categories":[43],"tags":[],"class_list":["post-295171","post","type-post","status-publish","format-standard","hentry","category-noticies-torn-ofici"],"_links":{"self":[{"href":"https:\/\/www.icaib.org\/ca\/wp-json\/wp\/v2\/posts\/295171","targetHints":{"allow":["GET"]}}],"collection":[{"href":"https:\/\/www.icaib.org\/ca\/wp-json\/wp\/v2\/posts"}],"about":[{"href":"https:\/\/www.icaib.org\/ca\/wp-json\/wp\/v2\/types\/post"}],"author":[{"embeddable":true,"href":"https:\/\/www.icaib.org\/ca\/wp-json\/wp\/v2\/users\/13"}],"replies":[{"embeddable":true,"href":"https:\/\/www.icaib.org\/ca\/wp-json\/wp\/v2\/comments?post=295171"}],"version-history":[{"count":2,"href":"https:\/\/www.icaib.org\/ca\/wp-json\/wp\/v2\/posts\/295171\/revisions"}],"predecessor-version":[{"id":295346,"href":"https:\/\/www.icaib.org\/ca\/wp-json\/wp\/v2\/posts\/295171\/revisions\/295346"}],"wp:attachment":[{"href":"https:\/\/www.icaib.org\/ca\/wp-json\/wp\/v2\/media?parent=295171"}],"wp:term":[{"taxonomy":"category","embeddable":true,"href":"https:\/\/www.icaib.org\/ca\/wp-json\/wp\/v2\/categories?post=295171"},{"taxonomy":"post_tag","embeddable":true,"href":"https:\/\/www.icaib.org\/ca\/wp-json\/wp\/v2\/tags?post=295171"}],"curies":[{"name":"wp","href":"https:\/\/api.w.org\/{rel}","templated":true}]}}