{"id":295347,"date":"2026-03-12T07:55:20","date_gmt":"2026-03-12T06:55:20","guid":{"rendered":"https:\/\/www.icaib.org\/?p=295347"},"modified":"2026-03-12T07:55:20","modified_gmt":"2026-03-12T06:55:20","slug":"comunicat-de-la-junta-de-govern-sobre-lactual-criteri-del-ministeri-per-al-pagament-a-ladvocacia-dofici-de-les-actuacions-dassistencia-juridica-gratuita-en-els-masc","status":"publish","type":"post","link":"https:\/\/www.icaib.org\/ca\/comunicat-de-la-junta-de-govern-sobre-lactual-criteri-del-ministeri-per-al-pagament-a-ladvocacia-dofici-de-les-actuacions-dassistencia-juridica-gratuita-en-els-masc\/","title":{"rendered":"Comunicat de la Junta de Govern sobre l&#8217;actual criteri del Ministeri per al pagament a l&#8217;advocacia d&#8217;ofici de les actuacions d&#8217;assist\u00e8ncia jur\u00eddica gratu\u00efta en els MASC"},"content":{"rendered":"<p>Davant la informaci\u00f3 traslladada al Consell de l&#8217;Advocacia Espanyola pel Ministeri de la Presid\u00e8ncia, Just\u00edcia i Relacions amb les Corts en el sentit que, mentre no es publiqui la projectada modificaci\u00f3 reglament\u00e0ria amb els nous barems, les actuacions d&#8217;assist\u00e8ncia jur\u00eddica gratu\u00efta que duguin a terme els advocats del torn d&#8217;ofici en els Mitjans Alternatius de Soluci\u00f3 de Controv\u00e8rsies (MASC) no s&#8217;abonaran si aquestes no cristal\u00b7litzen en acord (https:\/\/www.icaib.org\/ca\/criteri-del-ministeri-sobre-labonament-de-les-actuacions-dels-advocats-dofici-en-els-masc-mentres-que-no-es-publiquin-els-barems-nous\/), la Junta de Govern del I\u2019ICAIB vol manifestar el seg\u00fcent:<\/p>\n<p>-La Junta de Govern considera que l&#8217;exercici efectiu del dret a la tutela judicial efectiva dels usuaris de la just\u00edcia gratu\u00efta s&#8217;est\u00e0 convertint, pel Ministeri, en una carrera d&#8217;obstacles pr\u00e0cticament insalvable.<br \/>\nEn aquest sentit, els membres de la Junta de Govern considerem que la decisi\u00f3 ministerial de condicionar l&#8217;abonament d&#8217;aquestes actuacions a l&#8217;exist\u00e8ncia d&#8217;un acord, afegit al fet que el Ministeri tampoc no hagi previst cap sistema perqu\u00e8 els beneficiaris de l&#8217;assist\u00e8ncia jur\u00eddica gratu\u00efta puguin accedir sense cap cost als m\u00e8todes alternatius de soluci\u00f3 de controv\u00e8rsies (MASC) i complir, aix\u00ed, amb el preceptiu requisit de procedibilidad, est\u00e0 deixant completament desemparats als usuaris de la just\u00edcia gratu\u00efta en el seu acc\u00e9s als tribunals per a la defensa dels seus drets i\/o interessos leg\u00edtims.<\/p>\n<p>&#8211; El sorprenent criteri ministerial suposa un nou i inacceptable menyspreu al treball d&#8217;uns professionals que es deixen la pell, les 24 hores dels 365 dies de l&#8217;any, en la defensa d&#8217;aquells ciutadans que, ja sigui per falta de recursos o b\u00e9 per circumst\u00e0ncies d&#8217;\u00edndole personal, es troben en situaci\u00f3 d&#8217;especial vulnerabilitat.<\/p>\n<p>&#8211; La decisi\u00f3 de Just\u00edcia aprofundeix encara m\u00e9s la bretxa territorial que existeix entre els advocats d&#8217;ofici de les comunitats aut\u00f2nomes que tenen transferides les compet\u00e8ncies d&#8217;aquest servei p\u00fablic, als qui s\u00ed que es compensa en barem el treball que duen a terme en els MASC, amb independ\u00e8ncia del seu resultat, i els lletrats que desenvolupen la seva labor en les comunitats que, com les Illes Balears, constitueixen l&#8217;anomenat \u2018territori com\u00fa\u2019.<\/p>\n<p>&#8211; La Junta de Govern considera que el Ministeri no pot pretendre que siguin els advocats del torn d&#8217;ofici els que costegin el servei p\u00fablic de l&#8217;assist\u00e8ncia jur\u00eddica gratu\u00efta, ni condicionar el pagament del seu treball en un proc\u00e9s de MASC al resultat d&#8217;aquest, aix\u00f2 \u00e9s, a l&#8217;exist\u00e8ncia o no d&#8217;un acord.<br \/>\n&#8211; Per tot aix\u00f2, insta p\u00fablicament el titular del Ministeri de la Presid\u00e8ncia, Just\u00edcia i Relacions amb les Corts a que doni les instruccions pertinents per a compensar, sempre i en tot cas, les actuacions lletrades en els processos de conciliaci\u00f3.<\/p>\n","protected":false},"excerpt":{"rendered":"<p>Davant la informaci\u00f3 traslladada al Consell de l&#8217;Advocacia Espanyola pel  [&#8230;]<\/p>\n","protected":false},"author":13,"featured_media":0,"comment_status":"closed","ping_status":"closed","sticky":false,"template":"","format":"standard","meta":{"footnotes":""},"categories":[33,43],"tags":[],"class_list":["post-295347","post","type-post","status-publish","format-standard","hentry","category-noticies-icaib","category-noticies-torn-ofici"],"_links":{"self":[{"href":"https:\/\/www.icaib.org\/ca\/wp-json\/wp\/v2\/posts\/295347","targetHints":{"allow":["GET"]}}],"collection":[{"href":"https:\/\/www.icaib.org\/ca\/wp-json\/wp\/v2\/posts"}],"about":[{"href":"https:\/\/www.icaib.org\/ca\/wp-json\/wp\/v2\/types\/post"}],"author":[{"embeddable":true,"href":"https:\/\/www.icaib.org\/ca\/wp-json\/wp\/v2\/users\/13"}],"replies":[{"embeddable":true,"href":"https:\/\/www.icaib.org\/ca\/wp-json\/wp\/v2\/comments?post=295347"}],"version-history":[{"count":2,"href":"https:\/\/www.icaib.org\/ca\/wp-json\/wp\/v2\/posts\/295347\/revisions"}],"predecessor-version":[{"id":295349,"href":"https:\/\/www.icaib.org\/ca\/wp-json\/wp\/v2\/posts\/295347\/revisions\/295349"}],"wp:attachment":[{"href":"https:\/\/www.icaib.org\/ca\/wp-json\/wp\/v2\/media?parent=295347"}],"wp:term":[{"taxonomy":"category","embeddable":true,"href":"https:\/\/www.icaib.org\/ca\/wp-json\/wp\/v2\/categories?post=295347"},{"taxonomy":"post_tag","embeddable":true,"href":"https:\/\/www.icaib.org\/ca\/wp-json\/wp\/v2\/tags?post=295347"}],"curies":[{"name":"wp","href":"https:\/\/api.w.org\/{rel}","templated":true}]}}