{"id":296774,"date":"2026-04-13T12:24:40","date_gmt":"2026-04-13T10:24:40","guid":{"rendered":"https:\/\/www.icaib.org\/?p=296774"},"modified":"2026-04-13T12:24:40","modified_gmt":"2026-04-13T10:24:40","slug":"des-del-ti-dinca-es-prega-als-collegiats-que-instin-els-seus-clients-a-acudir-als-actes-de-conciliacio","status":"publish","type":"post","link":"https:\/\/www.icaib.org\/ca\/des-del-ti-dinca-es-prega-als-collegiats-que-instin-els-seus-clients-a-acudir-als-actes-de-conciliacio\/","title":{"rendered":"Des del TI d&#8217;Inca es prega als col\u00b7legiats que instin els seus clients a acudir als actes de conciliaci\u00f3"},"content":{"rendered":"<p>S&#8217;informa els col\u00b7legiats que des del Servei Com\u00fa General del Tribunal d&#8217;Inst\u00e0ncia d&#8217;Inca s&#8217;ha sol\u00b7licitat als col\u00b7legiats que, en la mesura que sigui possible, instin els seus clients a acudir presencialment als actes de conciliaci\u00f3 que se celebren en sala.<\/p>\n<p>En aquest sentit, indiquen que, si b\u00e9 els lletrats s\u00ed que es personen, el fet que les parts compareguin personalment fa que \u201cpuguin sortir\u201d els sentiments o emocions que subjeuen \u201csota la q\u00fcesti\u00f3 jur\u00eddica plantejada\u201d i que \u00e9s \u201cnom\u00e9s aix\u00ed, amb ple coneixement per elles de tots els aspectes de la q\u00fcesti\u00f3 i de la contrapart, quan existeixen possibilitats de di\u00e0leg i d&#8217;aconseguir acords\u201d.<\/p>\n","protected":false},"excerpt":{"rendered":"<p>S&#8217;informa els col\u00b7legiats que des del Servei Com\u00fa General del  [&#8230;]<\/p>\n","protected":false},"author":13,"featured_media":0,"comment_status":"closed","ping_status":"closed","sticky":false,"template":"","format":"standard","meta":{"footnotes":""},"categories":[39],"tags":[],"class_list":["post-296774","post","type-post","status-publish","format-standard","hentry","category-noticias-circular-cat"],"_links":{"self":[{"href":"https:\/\/www.icaib.org\/ca\/wp-json\/wp\/v2\/posts\/296774","targetHints":{"allow":["GET"]}}],"collection":[{"href":"https:\/\/www.icaib.org\/ca\/wp-json\/wp\/v2\/posts"}],"about":[{"href":"https:\/\/www.icaib.org\/ca\/wp-json\/wp\/v2\/types\/post"}],"author":[{"embeddable":true,"href":"https:\/\/www.icaib.org\/ca\/wp-json\/wp\/v2\/users\/13"}],"replies":[{"embeddable":true,"href":"https:\/\/www.icaib.org\/ca\/wp-json\/wp\/v2\/comments?post=296774"}],"version-history":[{"count":1,"href":"https:\/\/www.icaib.org\/ca\/wp-json\/wp\/v2\/posts\/296774\/revisions"}],"predecessor-version":[{"id":296775,"href":"https:\/\/www.icaib.org\/ca\/wp-json\/wp\/v2\/posts\/296774\/revisions\/296775"}],"wp:attachment":[{"href":"https:\/\/www.icaib.org\/ca\/wp-json\/wp\/v2\/media?parent=296774"}],"wp:term":[{"taxonomy":"category","embeddable":true,"href":"https:\/\/www.icaib.org\/ca\/wp-json\/wp\/v2\/categories?post=296774"},{"taxonomy":"post_tag","embeddable":true,"href":"https:\/\/www.icaib.org\/ca\/wp-json\/wp\/v2\/tags?post=296774"}],"curies":[{"name":"wp","href":"https:\/\/api.w.org\/{rel}","templated":true}]}}