{"id":296925,"date":"2026-04-15T09:38:19","date_gmt":"2026-04-15T07:38:19","guid":{"rendered":"https:\/\/www.icaib.org\/?p=296925"},"modified":"2026-04-15T09:38:19","modified_gmt":"2026-04-15T07:38:19","slug":"jornada-sobre-limpacte-de-la-intelligencia-artificial-en-la-justicia","status":"publish","type":"post","link":"https:\/\/www.icaib.org\/ca\/jornada-sobre-limpacte-de-la-intelligencia-artificial-en-la-justicia\/","title":{"rendered":"Jornada sobre l&#8217;impacte de la Intel\u00b7lig\u00e8ncia Artificial en la Just\u00edcia"},"content":{"rendered":"<p>El Consell General de l&#8217;Advocacia Espanyola i el Consell General del Poder Judicial organitzen aquesta jornada, que tindr\u00e0 lloc avui dimecres, a partir de les 16.30 hores, i en la qual experts de l&#8217;\u00e0mbit jur\u00eddic i tecnol\u00f2gic analitzaran els reptes, els desafiaments \u00e8tics, les oportunitats i els riscos de la intel\u00b7lig\u00e8ncia artificial en la just\u00edcia.<\/p>\n<p>La jornada es pot segir en l\u00ednia i en directe a trav\u00e9s de l&#8217;enlla\u00e7:  <a href=\"https:\/\/www.youtube.com\/live\/2QIOOTjrPK8\">https:\/\/www.youtube.com\/live\/2QIOOTjrPK8<\/a><\/p>\n","protected":false},"excerpt":{"rendered":"<p>El Consell General de l&#8217;Advocacia Espanyola i el Consell General  [&#8230;]<\/p>\n","protected":false},"author":13,"featured_media":0,"comment_status":"closed","ping_status":"closed","sticky":false,"template":"","format":"standard","meta":{"footnotes":""},"categories":[39],"tags":[],"class_list":["post-296925","post","type-post","status-publish","format-standard","hentry","category-noticias-circular-cat"],"_links":{"self":[{"href":"https:\/\/www.icaib.org\/ca\/wp-json\/wp\/v2\/posts\/296925","targetHints":{"allow":["GET"]}}],"collection":[{"href":"https:\/\/www.icaib.org\/ca\/wp-json\/wp\/v2\/posts"}],"about":[{"href":"https:\/\/www.icaib.org\/ca\/wp-json\/wp\/v2\/types\/post"}],"author":[{"embeddable":true,"href":"https:\/\/www.icaib.org\/ca\/wp-json\/wp\/v2\/users\/13"}],"replies":[{"embeddable":true,"href":"https:\/\/www.icaib.org\/ca\/wp-json\/wp\/v2\/comments?post=296925"}],"version-history":[{"count":1,"href":"https:\/\/www.icaib.org\/ca\/wp-json\/wp\/v2\/posts\/296925\/revisions"}],"predecessor-version":[{"id":296926,"href":"https:\/\/www.icaib.org\/ca\/wp-json\/wp\/v2\/posts\/296925\/revisions\/296926"}],"wp:attachment":[{"href":"https:\/\/www.icaib.org\/ca\/wp-json\/wp\/v2\/media?parent=296925"}],"wp:term":[{"taxonomy":"category","embeddable":true,"href":"https:\/\/www.icaib.org\/ca\/wp-json\/wp\/v2\/categories?post=296925"},{"taxonomy":"post_tag","embeddable":true,"href":"https:\/\/www.icaib.org\/ca\/wp-json\/wp\/v2\/tags?post=296925"}],"curies":[{"name":"wp","href":"https:\/\/api.w.org\/{rel}","templated":true}]}}