{"id":296927,"date":"2026-04-15T09:41:11","date_gmt":"2026-04-15T07:41:11","guid":{"rendered":"https:\/\/www.icaib.org\/?p=296927"},"modified":"2026-04-15T09:41:11","modified_gmt":"2026-04-15T07:41:11","slug":"ii-jornades-de-dret-de-familia-aeafa-scaf","status":"publish","type":"post","link":"https:\/\/www.icaib.org\/ca\/ii-jornades-de-dret-de-familia-aeafa-scaf\/","title":{"rendered":"II Jornades de Dret de Fam\u00edlia AEAFA &#038; SCAF"},"content":{"rendered":"<p>L&#8217;Asociaci\u00f3n Espa\u00f1ola de Abogados de Familia i la Societat Catalana d\u2019Advocats de Fam\u00edlia, en col\u00b7laboraci\u00f3 amb Libertas Ediciones, organitzen aquestes jornades, que tindran lloc els dies 28 i 29 de maig a la seu de Palma de l\u2019ICAIB i que tamb\u00e9 es podran continuar en l\u00ednia.<\/p>\n<p>La trobada, que s&#8217;estructura sobre sis pon\u00e8ncies i un f\u00f2rum obert, reunir\u00e0 durant dos dies a destacats especialistes en la mat\u00e8ria que analitzaran algunes de les q\u00fcestions m\u00e9s actuals del dret de fam\u00edlia.<\/p>\n<p>El termini d&#8217;inscripci\u00f3 acaba el 26 de maig.<\/p>\n<a href='https:\/\/www.icaib.org\/wp-content\/uploads\/2026\/04\/Borrador-Programa-Palma.pdf' target='_blank'>\n                <i class='fas fa-link'><\/i> \n                <strong>Programa i inscripcions<\/strong>\n            <\/a><br\/>\n","protected":false},"excerpt":{"rendered":"<p>L&#8217;Asociaci\u00f3n Espa\u00f1ola de Abogados de Familia i la Societat Catalana  [&#8230;]<\/p>\n","protected":false},"author":13,"featured_media":0,"comment_status":"closed","ping_status":"closed","sticky":false,"template":"","format":"standard","meta":{"footnotes":""},"categories":[39],"tags":[],"class_list":["post-296927","post","type-post","status-publish","format-standard","hentry","category-noticias-circular-cat"],"_links":{"self":[{"href":"https:\/\/www.icaib.org\/ca\/wp-json\/wp\/v2\/posts\/296927","targetHints":{"allow":["GET"]}}],"collection":[{"href":"https:\/\/www.icaib.org\/ca\/wp-json\/wp\/v2\/posts"}],"about":[{"href":"https:\/\/www.icaib.org\/ca\/wp-json\/wp\/v2\/types\/post"}],"author":[{"embeddable":true,"href":"https:\/\/www.icaib.org\/ca\/wp-json\/wp\/v2\/users\/13"}],"replies":[{"embeddable":true,"href":"https:\/\/www.icaib.org\/ca\/wp-json\/wp\/v2\/comments?post=296927"}],"version-history":[{"count":2,"href":"https:\/\/www.icaib.org\/ca\/wp-json\/wp\/v2\/posts\/296927\/revisions"}],"predecessor-version":[{"id":296930,"href":"https:\/\/www.icaib.org\/ca\/wp-json\/wp\/v2\/posts\/296927\/revisions\/296930"}],"wp:attachment":[{"href":"https:\/\/www.icaib.org\/ca\/wp-json\/wp\/v2\/media?parent=296927"}],"wp:term":[{"taxonomy":"category","embeddable":true,"href":"https:\/\/www.icaib.org\/ca\/wp-json\/wp\/v2\/categories?post=296927"},{"taxonomy":"post_tag","embeddable":true,"href":"https:\/\/www.icaib.org\/ca\/wp-json\/wp\/v2\/tags?post=296927"}],"curies":[{"name":"wp","href":"https:\/\/api.w.org\/{rel}","templated":true}]}}